{"id":7964,"date":"2020-07-10T17:21:43","date_gmt":"2020-07-10T15:21:43","guid":{"rendered":"https:\/\/www.monzalecco.lombardia.cisl.it\/?p=7964"},"modified":"2020-07-10T17:27:40","modified_gmt":"2020-07-10T15:27:40","slug":"asst-monza-presidio-unitario-il-15","status":"publish","type":"post","link":"https:\/\/www.monzalecco.lombardia.cisl.it\/?p=7964","title":{"rendered":"Ospedale San Gerardo, presidio <br> il 15 luglio <\/br>"},"content":{"rendered":"<p>In occasione della visita di Attilio Fontana, presidente della Regione Lombardia, e Giulio Gallera, assessore alla Sanit\u00e0 regionale, all&#8217;Asst Monza, mercoled\u00ec 15 luglio 2020, dalle ore 9 alle 11,30, si terr\u00e0 un presidio unitario Cgil, Cisl e Uil, davanti all&#8217;Ospedale San Gerardo per ribadire le posizioni del sindacato in merito ai temi della sanit\u00e0, in continuit\u00e0 con quanto avvenuto nelle tre giornate di presidio presso Palazzo Lombardia a Milano.<\/p>\n<p><a href=\"https:\/\/www.monzalecco.lombardia.cisl.it\/wp-content\/uploads\/2020\/07\/20200715-VolantinoFontana.pdf\">il volantino<\/a><\/p>\n","protected":false},"excerpt":{"rendered":"<p>In occasione della visita di Attilio Fontana, presidente della Regione Lombardia, e Giulio Gallera, assessore alla Sanit\u00e0 regionale, all&#8217;Asst Monza, mercoled\u00ec 15 luglio 2020, dalle ore 9 alle 11,30, si terr\u00e0 un presidio unitario Cgil, Cisl e Uil, davanti all&#8217;Ospedale San Gerardo per ribadire le posizioni del sindacato in merito ai temi della sanit\u00e0, in [&hellip;]<\/p>\n","protected":false},"author":5,"featured_media":5894,"comment_status":"closed","ping_status":"open","sticky":false,"template":"","format":"standard","meta":{"footnotes":""},"categories":[1],"tags":[149,225,207,150],"class_list":{"0":"post-7964","1":"post","2":"type-post","3":"status-publish","4":"format-standard","5":"has-post-thumbnail","7":"category-notizie","8":"tag-cgil","9":"tag-presidio","10":"tag-sanita","11":"tag-uil","12":"czr-hentry"},"_links":{"self":[{"href":"https:\/\/www.monzalecco.lombardia.cisl.it\/index.php?rest_route=\/wp\/v2\/posts\/7964","targetHints":{"allow":["GET"]}}],"collection":[{"href":"https:\/\/www.monzalecco.lombardia.cisl.it\/index.php?rest_route=\/wp\/v2\/posts"}],"about":[{"href":"https:\/\/www.monzalecco.lombardia.cisl.it\/index.php?rest_route=\/wp\/v2\/types\/post"}],"author":[{"embeddable":true,"href":"https:\/\/www.monzalecco.lombardia.cisl.it\/index.php?rest_route=\/wp\/v2\/users\/5"}],"replies":[{"embeddable":true,"href":"https:\/\/www.monzalecco.lombardia.cisl.it\/index.php?rest_route=%2Fwp%2Fv2%2Fcomments&post=7964"}],"version-history":[{"count":6,"href":"https:\/\/www.monzalecco.lombardia.cisl.it\/index.php?rest_route=\/wp\/v2\/posts\/7964\/revisions"}],"predecessor-version":[{"id":7971,"href":"https:\/\/www.monzalecco.lombardia.cisl.it\/index.php?rest_route=\/wp\/v2\/posts\/7964\/revisions\/7971"}],"wp:featuredmedia":[{"embeddable":true,"href":"https:\/\/www.monzalecco.lombardia.cisl.it\/index.php?rest_route=\/wp\/v2\/media\/5894"}],"wp:attachment":[{"href":"https:\/\/www.monzalecco.lombardia.cisl.it\/index.php?rest_route=%2Fwp%2Fv2%2Fmedia&parent=7964"}],"wp:term":[{"taxonomy":"category","embeddable":true,"href":"https:\/\/www.monzalecco.lombardia.cisl.it\/index.php?rest_route=%2Fwp%2Fv2%2Fcategories&post=7964"},{"taxonomy":"post_tag","embeddable":true,"href":"https:\/\/www.monzalecco.lombardia.cisl.it\/index.php?rest_route=%2Fwp%2Fv2%2Ftags&post=7964"}],"curies":[{"name":"wp","href":"https:\/\/api.w.org\/{rel}","templated":true}]}}