{"id":7972,"date":"2020-07-10T17:34:03","date_gmt":"2020-07-10T15:34:03","guid":{"rendered":"https:\/\/www.monzalecco.lombardia.cisl.it\/?p=7972"},"modified":"2020-07-10T17:34:41","modified_gmt":"2020-07-10T15:34:41","slug":"i-decreti-sicurezza-vanno-cambiati","status":"publish","type":"post","link":"https:\/\/www.monzalecco.lombardia.cisl.it\/?p=7972","title":{"rendered":"\u00abI decreti sicurezza devono essere abrogati\u00bb"},"content":{"rendered":"<p>Anche la Cisl Monza Brianza Lecco ha datola sua adesione al presidio per l&#8217;abolizione dei decreti sicurezza e contro ogni razzismo che si terr\u00e0 marted\u00ec 14 luglio dalle 17,30 alle 20 in piazza Unit\u00e0 d\u2019Italia a Vimercate.<\/p>\n<p>\u00abI due cosiddetti &#8220;decreti Sicurezza&#8221; hanno tradito in primo luogo gli obiettivi che demagogicamente sono stati propagandati &#8211; spiegano gli organizzatori -. I recenti casi \u201cOcean Vicking\u201d e \u201cnave Talia\u201d sono solo gli ultimi episodi di una tragedia che non si \u00e8 fermata durante il <em>lockdown\u00bb<\/em>.<\/p>\n<p>Ad oggi, nonostante il cambio di governo che legifer\u00f2 i decreti Sicurezza, non si \u00e8 ancora prodotto<br \/>\nalcun cambiamento. La regolarizzazione introdotta dall\u2019art. 103 del Decreto Legge n. 34\/2020 \u00e8<br \/>\nsicuramente un cambio di passo rispetto al recente passato, ma &#8211; considerando le aspettative delle<br \/>\nmigliaia di lavoratrici e lavoratori che gi\u00e0 lavorano in Italia da anni &#8211; sostanzialmente inefficace sia perch\u00e9 esclude altre migliaia di lavoratori sia perch\u00e9 vincola il diritto al contributo economico del datore di lavoro.<\/p>\n<p>\u00abPurtroppo, con questi limiti &#8211; continuano gli organizzatori -, si rischia concretamente di perdere una preziosa occasione per contrastare il lavoro irregolare e le condizioni di sfruttamento. Il nostro Paese deve attrezzarsi per rispondere in modo efficace alle sfide del futuro per disegnare una societ\u00e0 fondata sulla costruzione di un modello di accoglienza e integrazione funzionale e solidale. A distanza di un anno dal primo presidio, associazioni, partiti e singoli cittadini del nostro territorio si<br \/>\ndanno appuntamento per chiedere l\u2019abolizione dei Decreti Sicurezza, che hanno ristretto i diritti delle persone che lasciano il proprio Paese in cerca di un futuro dignitoso\u00bb.<\/p>\n","protected":false},"excerpt":{"rendered":"<p>Anche la Cisl Monza Brianza Lecco ha datola sua adesione al presidio per l&#8217;abolizione dei decreti sicurezza e contro ogni razzismo che si terr\u00e0 marted\u00ec 14 luglio dalle 17,30 alle 20 in piazza Unit\u00e0 d\u2019Italia a Vimercate. \u00abI due cosiddetti &#8220;decreti Sicurezza&#8221; hanno tradito in primo luogo gli obiettivi che demagogicamente sono stati propagandati &#8211; [&hellip;]<\/p>\n","protected":false},"author":5,"featured_media":7534,"comment_status":"closed","ping_status":"open","sticky":false,"template":"","format":"standard","meta":{"footnotes":""},"categories":[1],"tags":[233,175],"class_list":{"0":"post-7972","1":"post","2":"type-post","3":"status-publish","4":"format-standard","5":"has-post-thumbnail","7":"category-notizie","8":"tag-immigrazione","9":"tag-sicurezza","10":"czr-hentry"},"_links":{"self":[{"href":"https:\/\/www.monzalecco.lombardia.cisl.it\/index.php?rest_route=\/wp\/v2\/posts\/7972","targetHints":{"allow":["GET"]}}],"collection":[{"href":"https:\/\/www.monzalecco.lombardia.cisl.it\/index.php?rest_route=\/wp\/v2\/posts"}],"about":[{"href":"https:\/\/www.monzalecco.lombardia.cisl.it\/index.php?rest_route=\/wp\/v2\/types\/post"}],"author":[{"embeddable":true,"href":"https:\/\/www.monzalecco.lombardia.cisl.it\/index.php?rest_route=\/wp\/v2\/users\/5"}],"replies":[{"embeddable":true,"href":"https:\/\/www.monzalecco.lombardia.cisl.it\/index.php?rest_route=%2Fwp%2Fv2%2Fcomments&post=7972"}],"version-history":[{"count":2,"href":"https:\/\/www.monzalecco.lombardia.cisl.it\/index.php?rest_route=\/wp\/v2\/posts\/7972\/revisions"}],"predecessor-version":[{"id":7974,"href":"https:\/\/www.monzalecco.lombardia.cisl.it\/index.php?rest_route=\/wp\/v2\/posts\/7972\/revisions\/7974"}],"wp:featuredmedia":[{"embeddable":true,"href":"https:\/\/www.monzalecco.lombardia.cisl.it\/index.php?rest_route=\/wp\/v2\/media\/7534"}],"wp:attachment":[{"href":"https:\/\/www.monzalecco.lombardia.cisl.it\/index.php?rest_route=%2Fwp%2Fv2%2Fmedia&parent=7972"}],"wp:term":[{"taxonomy":"category","embeddable":true,"href":"https:\/\/www.monzalecco.lombardia.cisl.it\/index.php?rest_route=%2Fwp%2Fv2%2Fcategories&post=7972"},{"taxonomy":"post_tag","embeddable":true,"href":"https:\/\/www.monzalecco.lombardia.cisl.it\/index.php?rest_route=%2Fwp%2Fv2%2Ftags&post=7972"}],"curies":[{"name":"wp","href":"https:\/\/api.w.org\/{rel}","templated":true}]}}