{"id":8095,"date":"2020-07-29T16:11:27","date_gmt":"2020-07-29T14:11:27","guid":{"rendered":"https:\/\/www.monzalecco.lombardia.cisl.it\/?p=8095"},"modified":"2020-07-29T16:12:31","modified_gmt":"2020-07-29T14:12:31","slug":"la-nostra-famiglia-ce-aria-di-mobilitazione","status":"publish","type":"post","link":"https:\/\/www.monzalecco.lombardia.cisl.it\/?p=8095","title":{"rendered":"La Nostra Famiglia, aria di sciopero"},"content":{"rendered":"<p>A seguito della \u00abfumata nera\u00bb della trattativa di 10 ore di luned\u00ec 27 luglio con L\u2019Associazione La Nostra Famiglia, nella quale l\u2019associazione ha deciso di procedere al cambio unilaterale del contratto nazionale agli oltre 2.400 lavoratori e lavoratrici sul territorio, portandoli dal contratto della sanit\u00e0 privata a quello delle Rsa e Cdr (cio\u00e8 delle residenze sanitarie assistenziali e dei centri di riabilitazione), il sindacato confederale \u00e8 pronto a far ripartire la mobilitazione nazionale e territoriale.<\/p>\n<p>I sindacati hanno scritto alla Commissione di garanzia per l\u2019attuazione della legge sullo sciopero nei servizi pubblici essenziali, al ministero del Lavoro e all\u2019associazione proclamando lo stato di agitazione, con sospensione del lavoro supplementare e\/straordinario del personale e per dare corso al tentativo obbligatorio di conciliazione. Gi\u00e0 preavvisando che \u00abin assenza di qualsiasi riscontro che consenta la rapida conclusione della vertenza\u00bb si proceder\u00e0 a indire lo sciopero nazionale.<\/p>\n<p>Nella lettera inviata alle lavoratrici e lavoratori de La Nostra Famiglia, Fp Cgil, Cisl Fp e Uil Fpl nazionali hanno ribadito di non aver accettato, al tavolo di trattativa, \u00abalcun margine di deroga alle clausole contrattuali, n\u00e9 tantomeno la possibilit\u00e0 di un cambio di contratto alla luce, soprattutto, dell\u2019inesistenza delle motivazioni rappresentate\u00bb e di essere tornate a dare la disponibilit\u00e0 a proseguire un confronto \u00abper individuare i percorsi necessari e concretamente utili al \u00a0superamento \u00a0delle\u00a0 criticit\u00e0 \u00a0riscontrate \u00a0e\u00a0 un \u00a0supporto \u00a0nelle \u00a0interlocuzioni \u00a0con \u00a0le\u00a0 Regioni, \u00a0laddove necessario\u00bb.<\/p>\n<p>Sulla vertenza sono intervenute anche le categorie sindacali lecchesi, nel cui territorio l\u2019associazione conta circa 900 dipendenti dei circa 1.090 complessivi della Lombardia.<\/p>\n<p>\u00abFp Cgil, Cisl Fp e Uil Fpl hanno da sempre ribadito piena disponibilit\u00e0 a discutere di un piano aziendale per il rilancio dell\u2019Associazione, proprio a partire dai punti di maggiore sofferenza evidenziati dall\u2019analisi dei numeri e delle attivit\u00e0 della stessa. Nonostante queste aperture la posizione dell\u2019Associazione resta ancora distante dalle nostre\u201d sostengono Catello Tramparulo (Fp Cgil),\u00a0 Franca Bodega (Cisl Fp) e\u00a0 Vincenzo Falanga (Uil Fpl)\u00a0presenti alla trattativa nazionale a tutela delle lavoratrici e lavoratori della compagine lecchese. Dichiarano inoltre \u00abLe lavoratrici e i lavoratori hanno atteso per 14 lunghi anni il rinnovo del loro contratto della Sanit\u00e0 Privata e ora che \u00e8 stato siglato, non possono essere beffati al fotofinish con un cambio di contratto meno vantaggioso. Quello che pi\u00f9 colpisce \u00e8 la tempistica con cui l\u2019Associazione la Nostra Famiglia decide di operare questa scelta unilaterale, il contesto in cui si trovano ad operare i lavoratori dei servizi sanitari e socio-sanitari, anche a seguito dell\u2019emergenza pandemica in corso, merita rispetto e deve essere valorizzato. Non possiamo accettare una modifica di contratto pienamente sostenibile dal bilancio aziendale ma soprattutto non possiamo cancellare anni di abnegazione, impegno e professionalit\u00e0 dimostrata da tutti gli operatori dell\u2019Associazione\u00bb.<\/p>\n<p>Per queste ragioni nelle prossime ore, verr\u00e0 vagliato un programma di iniziative e di mobilitazione in linea con il percorso di rivendicazione delle segreterie nazionali.<\/p>\n","protected":false},"excerpt":{"rendered":"<p>A seguito della \u00abfumata nera\u00bb della trattativa di 10 ore di luned\u00ec 27 luglio con L\u2019Associazione La Nostra Famiglia, nella quale l\u2019associazione ha deciso di procedere al cambio unilaterale del contratto nazionale agli oltre 2.400 lavoratori e lavoratrici sul territorio, portandoli dal contratto della sanit\u00e0 privata a quello delle Rsa e Cdr (cio\u00e8 delle residenze [&hellip;]<\/p>\n","protected":false},"author":5,"featured_media":8096,"comment_status":"closed","ping_status":"open","sticky":false,"template":"","format":"standard","meta":{"footnotes":""},"categories":[1],"tags":[71,504],"class_list":{"0":"post-8095","1":"post","2":"type-post","3":"status-publish","4":"format-standard","5":"has-post-thumbnail","7":"category-notizie","8":"tag-cisl-fp","9":"tag-la-nostra-famiglia","10":"czr-hentry"},"_links":{"self":[{"href":"https:\/\/www.monzalecco.lombardia.cisl.it\/index.php?rest_route=\/wp\/v2\/posts\/8095","targetHints":{"allow":["GET"]}}],"collection":[{"href":"https:\/\/www.monzalecco.lombardia.cisl.it\/index.php?rest_route=\/wp\/v2\/posts"}],"about":[{"href":"https:\/\/www.monzalecco.lombardia.cisl.it\/index.php?rest_route=\/wp\/v2\/types\/post"}],"author":[{"embeddable":true,"href":"https:\/\/www.monzalecco.lombardia.cisl.it\/index.php?rest_route=\/wp\/v2\/users\/5"}],"replies":[{"embeddable":true,"href":"https:\/\/www.monzalecco.lombardia.cisl.it\/index.php?rest_route=%2Fwp%2Fv2%2Fcomments&post=8095"}],"version-history":[{"count":2,"href":"https:\/\/www.monzalecco.lombardia.cisl.it\/index.php?rest_route=\/wp\/v2\/posts\/8095\/revisions"}],"predecessor-version":[{"id":8098,"href":"https:\/\/www.monzalecco.lombardia.cisl.it\/index.php?rest_route=\/wp\/v2\/posts\/8095\/revisions\/8098"}],"wp:featuredmedia":[{"embeddable":true,"href":"https:\/\/www.monzalecco.lombardia.cisl.it\/index.php?rest_route=\/wp\/v2\/media\/8096"}],"wp:attachment":[{"href":"https:\/\/www.monzalecco.lombardia.cisl.it\/index.php?rest_route=%2Fwp%2Fv2%2Fmedia&parent=8095"}],"wp:term":[{"taxonomy":"category","embeddable":true,"href":"https:\/\/www.monzalecco.lombardia.cisl.it\/index.php?rest_route=%2Fwp%2Fv2%2Fcategories&post=8095"},{"taxonomy":"post_tag","embeddable":true,"href":"https:\/\/www.monzalecco.lombardia.cisl.it\/index.php?rest_route=%2Fwp%2Fv2%2Ftags&post=8095"}],"curies":[{"name":"wp","href":"https:\/\/api.w.org\/{rel}","templated":true}]}}