{"id":8251,"date":"2020-09-02T15:05:02","date_gmt":"2020-09-02T13:05:02","guid":{"rendered":"https:\/\/www.monzalecco.lombardia.cisl.it\/?p=8251"},"modified":"2020-09-02T15:05:45","modified_gmt":"2020-09-02T13:05:45","slug":"candy-aumenta-la-produzione","status":"publish","type":"post","link":"https:\/\/www.monzalecco.lombardia.cisl.it\/?p=8251","title":{"rendered":"Candy aumenta la produzione a Brugherio"},"content":{"rendered":"<p>A volte ritornano. Le produzioni uscite dall\u2019Italia rientrano e danno lavoro al territorio brianzolo. \u00c8 quanto sta capitando alla Candy di Brugherio. Da domani 3 settembre, la produzione aumenter\u00e0 e, con essa, l\u2019impiego dei dipendenti in linea. Dalle attuali 100 lavatrici al giorno, se ne produrranno 103. Un piccolo passo in avanti agli occhi dei profani, in realt\u00e0 un grande passo avanti per la Brianza e le sue realt\u00e0 produttive.<\/p>\n<p>\u00abQuesto aumento &#8211; spiega Eliana Dell\u2019Acqua, Fim Cisl Mbl &#8211; permetter\u00e0 ai 430 lavoratori di essere impiegati cinque giorni la settimana contro i tre attuali. Garantir\u00e0 quindi la fine della cassa integrazione. \u00c8 un\u2019ottima notizia che ci permette di essere ottimisti per il futuro\u00bb.<\/p>\n<p>Il Gruppo Haier Europe, proprietario del marchio Candy, ha infatti da tempo annunciato di voler far rientrare in Italia altre produzioni che negli scorsi anni erano state esternalizzate in Asia. \u00abL\u2019obiettivo &#8211; conclude Eliana Dell\u2019Acqua &#8211; \u00e8 aumentare ancora i volumi produttivi portando nuove linee. Non \u00e8 impossibile, anche se sar\u00e0 necessario, da parte dell\u2019azienda, pensare a nuovi investimenti per adattare l\u2019impianto di Brugherio alle nuove necessit\u00e0. Tutto ci\u00f2, ovviamente, potrebbe avere ottime ricadute sull\u2019occupazione\u00bb.<\/p>\n","protected":false},"excerpt":{"rendered":"<p>A volte ritornano. Le produzioni uscite dall\u2019Italia rientrano e danno lavoro al territorio brianzolo. \u00c8 quanto sta capitando alla Candy di Brugherio. Da domani 3 settembre, la produzione aumenter\u00e0 e, con essa, l\u2019impiego dei dipendenti in linea. Dalle attuali 100 lavatrici al giorno, se ne produrranno 103. Un piccolo passo in avanti agli occhi dei [&hellip;]<\/p>\n","protected":false},"author":5,"featured_media":2853,"comment_status":"closed","ping_status":"open","sticky":false,"template":"","format":"standard","meta":{"footnotes":""},"categories":[1],"tags":[88,87],"class_list":{"0":"post-8251","1":"post","2":"type-post","3":"status-publish","4":"format-standard","5":"has-post-thumbnail","7":"category-notizie","8":"tag-brugherio","9":"tag-candy","10":"czr-hentry"},"_links":{"self":[{"href":"https:\/\/www.monzalecco.lombardia.cisl.it\/index.php?rest_route=\/wp\/v2\/posts\/8251","targetHints":{"allow":["GET"]}}],"collection":[{"href":"https:\/\/www.monzalecco.lombardia.cisl.it\/index.php?rest_route=\/wp\/v2\/posts"}],"about":[{"href":"https:\/\/www.monzalecco.lombardia.cisl.it\/index.php?rest_route=\/wp\/v2\/types\/post"}],"author":[{"embeddable":true,"href":"https:\/\/www.monzalecco.lombardia.cisl.it\/index.php?rest_route=\/wp\/v2\/users\/5"}],"replies":[{"embeddable":true,"href":"https:\/\/www.monzalecco.lombardia.cisl.it\/index.php?rest_route=%2Fwp%2Fv2%2Fcomments&post=8251"}],"version-history":[{"count":3,"href":"https:\/\/www.monzalecco.lombardia.cisl.it\/index.php?rest_route=\/wp\/v2\/posts\/8251\/revisions"}],"predecessor-version":[{"id":8254,"href":"https:\/\/www.monzalecco.lombardia.cisl.it\/index.php?rest_route=\/wp\/v2\/posts\/8251\/revisions\/8254"}],"wp:featuredmedia":[{"embeddable":true,"href":"https:\/\/www.monzalecco.lombardia.cisl.it\/index.php?rest_route=\/wp\/v2\/media\/2853"}],"wp:attachment":[{"href":"https:\/\/www.monzalecco.lombardia.cisl.it\/index.php?rest_route=%2Fwp%2Fv2%2Fmedia&parent=8251"}],"wp:term":[{"taxonomy":"category","embeddable":true,"href":"https:\/\/www.monzalecco.lombardia.cisl.it\/index.php?rest_route=%2Fwp%2Fv2%2Fcategories&post=8251"},{"taxonomy":"post_tag","embeddable":true,"href":"https:\/\/www.monzalecco.lombardia.cisl.it\/index.php?rest_route=%2Fwp%2Fv2%2Ftags&post=8251"}],"curies":[{"name":"wp","href":"https:\/\/api.w.org\/{rel}","templated":true}]}}