{"id":8311,"date":"2020-09-11T16:55:47","date_gmt":"2020-09-11T14:55:47","guid":{"rendered":"https:\/\/www.monzalecco.lombardia.cisl.it\/?p=8311"},"modified":"2020-09-11T17:11:51","modified_gmt":"2020-09-11T15:11:51","slug":"conad-auchan-cessione-conclusa","status":"publish","type":"post","link":"https:\/\/www.monzalecco.lombardia.cisl.it\/?p=8311","title":{"rendered":"Conad-Auchan, cessione conclusa"},"content":{"rendered":"<p>Una vendita andata a buon fine. Un anno fa Conad ha acquistato Auchan Italia. Da pi\u00f9 parti si temeva che l&#8217;acquirente potesse chiudere numerosi punti vendita e licenziare i dipendenti. Nulla di tutto questo. In Brianza e nel Lecchese,Conad ha inglobato nella sua rete vendita l&#8217;ipermercato di Merate e il supermercato di Lissone, senza conseguenze occupazionali.<\/p>\n<p>Tutti gli altri negozi sono stati ceduti ad altre catene commerciali: Esselunga, Unes, Carrefour. Le ultime due vendite sono state perfezionate questa settimana. L&#8217;ipermercato di Monza \u00e8 stato ceduto a Bennet, la Sma di Seregno a Prix, catena della grande distribuzione con base in Veneto.<\/p>\n<p>\u201cIn Brianza e nel Lecchese &#8211; spiega Francesco Barazzetta, Fisascat Cisl -, l&#8217;operazione di acquisizione da parte di Conad si \u00e8 risolta senza sacrifici occupazionali. Considerato il difficile periodo per l&#8217;economia nazionale, \u00e8 una buona notizia. Il risultato \u00e8 stato ottenuto anche grazie all&#8217;intervento del sindacato che ha sempre seguito con attenzione ogni passaggio di questa cessione cos\u00ec complessa. I lavoratori sono sempre stati tutelati\u201d.<\/p>\n","protected":false},"excerpt":{"rendered":"<p>Una vendita andata a buon fine. Un anno fa Conad ha acquistato Auchan Italia. Da pi\u00f9 parti si temeva che l&#8217;acquirente potesse chiudere numerosi punti vendita e licenziare i dipendenti. Nulla di tutto questo. In Brianza e nel Lecchese,Conad ha inglobato nella sua rete vendita l&#8217;ipermercato di Merate e il supermercato di Lissone, senza conseguenze [&hellip;]<\/p>\n","protected":false},"author":5,"featured_media":5067,"comment_status":"closed","ping_status":"open","sticky":false,"template":"","format":"standard","meta":{"footnotes":""},"categories":[1],"tags":[365,366,101],"class_list":{"0":"post-8311","1":"post","2":"type-post","3":"status-publish","4":"format-standard","5":"has-post-thumbnail","7":"category-notizie","8":"tag-auchan","9":"tag-conad","10":"tag-fisascat","11":"czr-hentry"},"_links":{"self":[{"href":"https:\/\/www.monzalecco.lombardia.cisl.it\/index.php?rest_route=\/wp\/v2\/posts\/8311","targetHints":{"allow":["GET"]}}],"collection":[{"href":"https:\/\/www.monzalecco.lombardia.cisl.it\/index.php?rest_route=\/wp\/v2\/posts"}],"about":[{"href":"https:\/\/www.monzalecco.lombardia.cisl.it\/index.php?rest_route=\/wp\/v2\/types\/post"}],"author":[{"embeddable":true,"href":"https:\/\/www.monzalecco.lombardia.cisl.it\/index.php?rest_route=\/wp\/v2\/users\/5"}],"replies":[{"embeddable":true,"href":"https:\/\/www.monzalecco.lombardia.cisl.it\/index.php?rest_route=%2Fwp%2Fv2%2Fcomments&post=8311"}],"version-history":[{"count":3,"href":"https:\/\/www.monzalecco.lombardia.cisl.it\/index.php?rest_route=\/wp\/v2\/posts\/8311\/revisions"}],"predecessor-version":[{"id":8314,"href":"https:\/\/www.monzalecco.lombardia.cisl.it\/index.php?rest_route=\/wp\/v2\/posts\/8311\/revisions\/8314"}],"wp:featuredmedia":[{"embeddable":true,"href":"https:\/\/www.monzalecco.lombardia.cisl.it\/index.php?rest_route=\/wp\/v2\/media\/5067"}],"wp:attachment":[{"href":"https:\/\/www.monzalecco.lombardia.cisl.it\/index.php?rest_route=%2Fwp%2Fv2%2Fmedia&parent=8311"}],"wp:term":[{"taxonomy":"category","embeddable":true,"href":"https:\/\/www.monzalecco.lombardia.cisl.it\/index.php?rest_route=%2Fwp%2Fv2%2Fcategories&post=8311"},{"taxonomy":"post_tag","embeddable":true,"href":"https:\/\/www.monzalecco.lombardia.cisl.it\/index.php?rest_route=%2Fwp%2Fv2%2Ftags&post=8311"}],"curies":[{"name":"wp","href":"https:\/\/api.w.org\/{rel}","templated":true}]}}