{"id":8325,"date":"2020-09-14T18:58:24","date_gmt":"2020-09-14T16:58:24","guid":{"rendered":"https:\/\/www.monzalecco.lombardia.cisl.it\/?p=8325"},"modified":"2020-09-14T18:58:44","modified_gmt":"2020-09-14T16:58:44","slug":"manifestazione-a-milano-brianza-presente","status":"publish","type":"post","link":"https:\/\/www.monzalecco.lombardia.cisl.it\/?p=8325","title":{"rendered":"Manifestazione a Milano, Brianza presente"},"content":{"rendered":"<p>Ci sar\u00e0 anche una nutrita delegazione brianzola alla manifestazione nazionale \u00abRipartire dal lavoro\u00bb di Cgil, Cisl e Uil. L\u2019appuntamento \u00e8 in piazza Duomo a Milano venerd\u00ec 18 settembre a partire dalle ore 9,30.<\/p>\n<p>Tra gli interventi del mattino \u00e8 previsto anche quello di Eliana Miozzo, delegata del B&amp;B Italia di Novedrate, in rappresentanza del distretto del mobile della Brianza comasca e monzese.<\/p>\n<p>Questa giornata di mobilitazione nazionale unitaria \u00e8 stata organizzata per richiamare l\u2019attenzione su temi che il sindacato ritiene fondamentali per la ripartenza del Paese: si discuter\u00e0, tra l\u2019altro, di ammortizzatori sociali e delle vertenze aperte, di riforma fiscale e di lotta all\u2019evasione, di rinnovo dei contratti pubblici e privati, di diritto all\u2019istruzione, di investimenti, e, ovviamente, di sanit\u00e0 pubblica.<\/p>\n<p>Elena Lattuata, segretaria generale Cgil Lombardia, e Danilo Margaritella, segretario generale Uil Milano e Lombardia, cureranno le relazioni introduttive, le conclusioni della manifestazione, invece, sono affidate ad Annamaria Furlan, segretario generale Cisl.<\/p>\n<p>La manifestazione si svolger\u00e0 nel rispetto delle regole anti-Covid, i posti saranno perci\u00f2 limitati alle delegazioni delle tre sigle sindacali.<\/p>\n","protected":false},"excerpt":{"rendered":"<p>Ci sar\u00e0 anche una nutrita delegazione brianzola alla manifestazione nazionale \u00abRipartire dal lavoro\u00bb di Cgil, Cisl e Uil. L\u2019appuntamento \u00e8 in piazza Duomo a Milano venerd\u00ec 18 settembre a partire dalle ore 9,30. Tra gli interventi del mattino \u00e8 previsto anche quello di Eliana Miozzo, delegata del B&amp;B Italia di Novedrate, in rappresentanza del distretto [&hellip;]<\/p>\n","protected":false},"author":5,"featured_media":5323,"comment_status":"closed","ping_status":"open","sticky":false,"template":"","format":"standard","meta":{"footnotes":""},"categories":[1],"tags":[177,149,438,150],"class_list":{"0":"post-8325","1":"post","2":"type-post","3":"status-publish","4":"format-standard","5":"has-post-thumbnail","7":"category-notizie","8":"tag-annamaria-furlan","9":"tag-cgil","10":"tag-milano","11":"tag-uil","12":"czr-hentry"},"_links":{"self":[{"href":"https:\/\/www.monzalecco.lombardia.cisl.it\/index.php?rest_route=\/wp\/v2\/posts\/8325","targetHints":{"allow":["GET"]}}],"collection":[{"href":"https:\/\/www.monzalecco.lombardia.cisl.it\/index.php?rest_route=\/wp\/v2\/posts"}],"about":[{"href":"https:\/\/www.monzalecco.lombardia.cisl.it\/index.php?rest_route=\/wp\/v2\/types\/post"}],"author":[{"embeddable":true,"href":"https:\/\/www.monzalecco.lombardia.cisl.it\/index.php?rest_route=\/wp\/v2\/users\/5"}],"replies":[{"embeddable":true,"href":"https:\/\/www.monzalecco.lombardia.cisl.it\/index.php?rest_route=%2Fwp%2Fv2%2Fcomments&post=8325"}],"version-history":[{"count":2,"href":"https:\/\/www.monzalecco.lombardia.cisl.it\/index.php?rest_route=\/wp\/v2\/posts\/8325\/revisions"}],"predecessor-version":[{"id":8327,"href":"https:\/\/www.monzalecco.lombardia.cisl.it\/index.php?rest_route=\/wp\/v2\/posts\/8325\/revisions\/8327"}],"wp:featuredmedia":[{"embeddable":true,"href":"https:\/\/www.monzalecco.lombardia.cisl.it\/index.php?rest_route=\/wp\/v2\/media\/5323"}],"wp:attachment":[{"href":"https:\/\/www.monzalecco.lombardia.cisl.it\/index.php?rest_route=%2Fwp%2Fv2%2Fmedia&parent=8325"}],"wp:term":[{"taxonomy":"category","embeddable":true,"href":"https:\/\/www.monzalecco.lombardia.cisl.it\/index.php?rest_route=%2Fwp%2Fv2%2Fcategories&post=8325"},{"taxonomy":"post_tag","embeddable":true,"href":"https:\/\/www.monzalecco.lombardia.cisl.it\/index.php?rest_route=%2Fwp%2Fv2%2Ftags&post=8325"}],"curies":[{"name":"wp","href":"https:\/\/api.w.org\/{rel}","templated":true}]}}