{"id":8378,"date":"2020-09-21T14:44:56","date_gmt":"2020-09-21T12:44:56","guid":{"rendered":"https:\/\/www.monzalecco.lombardia.cisl.it\/?p=8378"},"modified":"2020-09-21T15:21:05","modified_gmt":"2020-09-21T13:21:05","slug":"alimentaristi-bosisio-neosegretario-fai","status":"publish","type":"post","link":"https:\/\/www.monzalecco.lombardia.cisl.it\/?p=8378","title":{"rendered":"Alimentaristi, Bosisio segretario Fai"},"content":{"rendered":"<p>\u00abSiamo andati sull\u2019ottovolante. Nel periodo di quarantena ci siamo trovati con una parte del nostro comparto che produceva vorticosamente e una parte che era ferma. Per il nostro settore, che difficilmente conosce crisi produttive, \u00e8 stato un momento eccezionale\u00bb. Questo il bilancio del <em>lockdown<\/em> tracciato da Stefano Bosisio, 37 anni, eletto questa mattina A Malgrate (Lc) segretario generale della Fai Cisl Mbl, la categoria che si occupa dei lavori dell&#8217;agroalimentare, subentrando a Enzo Mesagna, entrato a luglio nella segreteria Cisl Mbl.<\/p>\n<p>Bosisio, nonostante la giovane et\u00e0, ha una vasta esperienza del settore. Gi\u00e0 delegato della Beretta Salumi, nel 2016 \u00e8 diventato operatore operatore a tempo pieno e poi, nel 2017, membro della segreteria Fai Cisl Mbl<\/p>\n<p>\u00abIn Brianza e nel Lecchese &#8211; spiega -, il nostro \u00e8 un settore trainante, composto di una rete di piccole, medie e grandi imprese. Abbiamo panifici, salumifici famigliari, pasticcerie artigianali, ma anche grandi gruppi industriali conosciuti a livello nazionale e non solo. Pensiamo a Vismara, Rovagnati, Beretta (salumifici), Star (dadi, minestre, ecc.), Granarolo (prodotti caseari), Bonomelli (infusi)\u00bb.<\/p>\n<p>Quindi una rete produttiva complessa ma sostanzialmente stabile. \u00abIl nostro comparto &#8211; continua Bosisio &#8211; non \u00e8 ciclico. I volumi sono costanti e, spesso, in crescita. Difficilmente conosciamo contrazioni produttive. Nel 2019 abbiamo vissuto una crisi dei salumifici legata alla peste suina. Sono stati mesi difficili, ma si \u00e8 trattato di un momento di passaggio\u00bb.<\/p>\n<p>Poi \u00e8 arrivato il coronavirus. \u00abIl Covid-19 &#8211; osserva Bosisio &#8211; ha stravolto il comparto. Alcune grandi aziende, tra le quali i salumifici, hanno sperimentato un boom della domanda. Le famiglie, spaventate dall&#8217;epidemia, correvano ad acquistare scorte. Abbiamo dovuto affrontare la richiesta di straordinari con uno sforzo enorme da parte dei lavoratori. Contemporaneamente le societ\u00e0 che lavorano per la ristorazione hanno bloccato la produzione perch\u00e9 la domanda \u00e8 crollata. Con grandi difficolt\u00e0 per i dipendenti. La situazione ora \u00e8 tornata alla normalit\u00e0. Purtroppo tutto lo sforzo e l\u2019impegno messo a disposizione in questa fase emergenziale non e\u0300 stato considerato e premiato a dovere, solo qualche realta\u0300 industriale virtuosa che ha capito e compreso l\u2019enorme sforzo fatto dai propri dipendenti ha dato a loro dei bonus presenza\u00bb.<\/p>\n<p>Adesso la categoria si trover\u00e0 ad affrontare il nodo contrattuale. \u00abCon grande caparbiet\u00e0, nei mesi scorsi, siamo riusciti comunque a portare a casa un buon contratto nazionale \u2013 spiega Bosisio- ma, purtroppo, non e\u0300 ancora un contratto per tutti! Ora, dopo l\u2019attivo nazionale unitario, si e\u0300 deciso di manifestare lo stato di agitazione in tutte queste realta\u0300 tagliate fuori dal rinnovo, continuando con il blocco degli straordinari e delle flessibilita\u0300 e proclamando lo sciopero nazionale per la giornata del 9 ottobre\u00bb.<\/p>\n<p>\u00abContinueremo a lavorare nel solco tracciato da Enzo Mesagna &#8211; conclude -. Le due priorit\u00e0 sono la formazione dei delegati e una sempre maggiore presenza sul territorio per meglio tutelare i lavoratori\u00bb.<\/p>\n<p>Le sfide non mancano per il neosegretario.<\/p>\n<p><a href=\"https:\/\/www.monzalecco.lombardia.cisl.it\/wp-content\/uploads\/2020\/09\/Relazione.pdf\">La relazione al congresso<\/a><\/p>\n<div id='gallery-1' class='czr-gallery row flex-row czr-gallery-style gallery galleryid-8378 gallery-columns-3 gallery-size-thumbnail'><figure class='gallery-item col col-auto'>\r\n                        <div class='gallery-icon landscape czr-gallery-icon'>\r\n                              <a href=https:\/\/www.monzalecco.lombardia.cisl.it\/?attachment_id=8388 class=\"bg-link\"><\/a><img loading=\"lazy\" decoding=\"async\" width=\"150\" height=\"150\" src=\"https:\/\/www.monzalecco.lombardia.cisl.it\/wp-content\/uploads\/2020\/09\/021-150x150.jpeg\" class=\"attachment-thumbnail size-thumbnail\" alt=\"\" sizes=\"auto, (min-width: 1200px) 255px, (min-width: 992px) 210px, (min-width: 576px) 150px, calc( 50vw - 30px )\" aria-describedby=\"gallery-1-8388\" srcset=\"https:\/\/www.monzalecco.lombardia.cisl.it\/wp-content\/uploads\/2020\/09\/021-150x150.jpeg 150w, https:\/\/www.monzalecco.lombardia.cisl.it\/wp-content\/uploads\/2020\/09\/021-510x510.jpeg 510w\" \/><div class=\"post-action btn btn-skin-dark-shaded inverted\"><a href=\"https:\/\/www.monzalecco.lombardia.cisl.it\/wp-content\/uploads\/2020\/09\/021.jpeg\" class=\"icn-expand\" data-lb-type=\"grouped-gallery\" title=\"Enzo Mesagna e Stefano Bosisio\"><\/a><\/div>\r\n                        <\/div>\r\n                              <figcaption class='wp-caption-text gallery-caption' id='gallery-1-8388'>\r\n                              Enzo Mesagna e Stefano Bosisio\r\n                              <\/figcaption><\/figure><figure class='gallery-item col col-auto'>\r\n                        <div class='gallery-icon landscape czr-gallery-icon'>\r\n                              <a href=https:\/\/www.monzalecco.lombardia.cisl.it\/?attachment_id=8390 class=\"bg-link\"><\/a><img loading=\"lazy\" decoding=\"async\" width=\"150\" height=\"150\" src=\"https:\/\/www.monzalecco.lombardia.cisl.it\/wp-content\/uploads\/2020\/09\/023-150x150.jpeg\" class=\"attachment-thumbnail size-thumbnail\" alt=\"\" sizes=\"auto, (min-width: 1200px) 255px, (min-width: 992px) 210px, (min-width: 576px) 150px, calc( 50vw - 30px )\" aria-describedby=\"gallery-1-8390\" srcset=\"https:\/\/www.monzalecco.lombardia.cisl.it\/wp-content\/uploads\/2020\/09\/023-150x150.jpeg 150w, https:\/\/www.monzalecco.lombardia.cisl.it\/wp-content\/uploads\/2020\/09\/023-510x510.jpeg 510w\" \/><div class=\"post-action btn btn-skin-dark-shaded inverted\"><a href=\"https:\/\/www.monzalecco.lombardia.cisl.it\/wp-content\/uploads\/2020\/09\/023.jpeg\" class=\"icn-expand\" data-lb-type=\"grouped-gallery\" title=\"Mirco Saccabarozzi, segretario generale Cisl Mbl; Onofrio Rota, segretario Fai Cisl; Massimiliano Albanese, Fai Cisl Lombardia\"><\/a><\/div>\r\n                        <\/div>\r\n                              <figcaption class='wp-caption-text gallery-caption' id='gallery-1-8390'>\r\n                              Mirco Saccabarozzi, segretario generale Cisl Mbl; Onofrio Rota, segretario Fai Cisl; Massimiliano Albanese, Fai Cisl Lombardia\r\n                              <\/figcaption><\/figure><figure class='gallery-item col col-auto'>\r\n                        <div class='gallery-icon landscape czr-gallery-icon'>\r\n                              <a href=https:\/\/www.monzalecco.lombardia.cisl.it\/?attachment_id=8391 class=\"bg-link\"><\/a><img loading=\"lazy\" decoding=\"async\" width=\"150\" height=\"150\" src=\"https:\/\/www.monzalecco.lombardia.cisl.it\/wp-content\/uploads\/2020\/09\/025-150x150.jpeg\" class=\"attachment-thumbnail size-thumbnail\" alt=\"\" sizes=\"auto, (min-width: 1200px) 255px, (min-width: 992px) 210px, (min-width: 576px) 150px, calc( 50vw - 30px )\" aria-describedby=\"gallery-1-8390\" srcset=\"https:\/\/www.monzalecco.lombardia.cisl.it\/wp-content\/uploads\/2020\/09\/025-150x150.jpeg 150w, https:\/\/www.monzalecco.lombardia.cisl.it\/wp-content\/uploads\/2020\/09\/025-510x510.jpeg 510w\" \/><div class=\"post-action btn btn-skin-dark-shaded inverted\"><a href=\"https:\/\/www.monzalecco.lombardia.cisl.it\/wp-content\/uploads\/2020\/09\/025.jpeg\" class=\"icn-expand\" data-lb-type=\"grouped-gallery\"><\/a><\/div>\r\n                        <\/div><\/figure><figure class='gallery-item col col-auto'>\r\n                        <div class='gallery-icon portrait czr-gallery-icon'>\r\n                              <a href=https:\/\/www.monzalecco.lombardia.cisl.it\/?attachment_id=8392 class=\"bg-link\"><\/a><img loading=\"lazy\" decoding=\"async\" width=\"150\" height=\"150\" src=\"https:\/\/www.monzalecco.lombardia.cisl.it\/wp-content\/uploads\/2020\/09\/026-150x150.jpeg\" class=\"attachment-thumbnail size-thumbnail\" alt=\"\" sizes=\"auto, (min-width: 1200px) 255px, (min-width: 992px) 210px, (min-width: 576px) 150px, calc( 50vw - 30px )\" aria-describedby=\"gallery-1-8392\" srcset=\"https:\/\/www.monzalecco.lombardia.cisl.it\/wp-content\/uploads\/2020\/09\/026-150x150.jpeg 150w, https:\/\/www.monzalecco.lombardia.cisl.it\/wp-content\/uploads\/2020\/09\/026-510x510.jpeg 510w\" \/><div class=\"post-action btn btn-skin-dark-shaded inverted\"><a href=\"https:\/\/www.monzalecco.lombardia.cisl.it\/wp-content\/uploads\/2020\/09\/026.jpeg\" class=\"icn-expand\" data-lb-type=\"grouped-gallery\" title=\"Enzo Mesagna\"><\/a><\/div>\r\n                        <\/div>\r\n                              <figcaption class='wp-caption-text gallery-caption' id='gallery-1-8392'>\r\n                              Enzo Mesagna\r\n                              <\/figcaption><\/figure>\r\n                  <\/div>\n\n","protected":false},"excerpt":{"rendered":"<p>\u00abSiamo andati sull\u2019ottovolante. Nel periodo di quarantena ci siamo trovati con una parte del nostro comparto che produceva vorticosamente e una parte che era ferma. Per il nostro settore, che difficilmente conosce crisi produttive, \u00e8 stato un momento eccezionale\u00bb. Questo il bilancio del lockdown tracciato da Stefano Bosisio, 37 anni, eletto questa mattina A Malgrate [&hellip;]<\/p>\n","protected":false},"author":5,"featured_media":8381,"comment_status":"closed","ping_status":"open","sticky":false,"template":"","format":"standard","meta":{"footnotes":""},"categories":[1],"tags":[516,68,586],"class_list":{"0":"post-8378","1":"post","2":"type-post","3":"status-publish","4":"format-standard","5":"has-post-thumbnail","7":"category-notizie","8":"tag-alimentaristi","9":"tag-fai","10":"tag-stefano-bosisio","11":"czr-hentry"},"_links":{"self":[{"href":"https:\/\/www.monzalecco.lombardia.cisl.it\/index.php?rest_route=\/wp\/v2\/posts\/8378","targetHints":{"allow":["GET"]}}],"collection":[{"href":"https:\/\/www.monzalecco.lombardia.cisl.it\/index.php?rest_route=\/wp\/v2\/posts"}],"about":[{"href":"https:\/\/www.monzalecco.lombardia.cisl.it\/index.php?rest_route=\/wp\/v2\/types\/post"}],"author":[{"embeddable":true,"href":"https:\/\/www.monzalecco.lombardia.cisl.it\/index.php?rest_route=\/wp\/v2\/users\/5"}],"replies":[{"embeddable":true,"href":"https:\/\/www.monzalecco.lombardia.cisl.it\/index.php?rest_route=%2Fwp%2Fv2%2Fcomments&post=8378"}],"version-history":[{"count":8,"href":"https:\/\/www.monzalecco.lombardia.cisl.it\/index.php?rest_route=\/wp\/v2\/posts\/8378\/revisions"}],"predecessor-version":[{"id":8393,"href":"https:\/\/www.monzalecco.lombardia.cisl.it\/index.php?rest_route=\/wp\/v2\/posts\/8378\/revisions\/8393"}],"wp:featuredmedia":[{"embeddable":true,"href":"https:\/\/www.monzalecco.lombardia.cisl.it\/index.php?rest_route=\/wp\/v2\/media\/8381"}],"wp:attachment":[{"href":"https:\/\/www.monzalecco.lombardia.cisl.it\/index.php?rest_route=%2Fwp%2Fv2%2Fmedia&parent=8378"}],"wp:term":[{"taxonomy":"category","embeddable":true,"href":"https:\/\/www.monzalecco.lombardia.cisl.it\/index.php?rest_route=%2Fwp%2Fv2%2Fcategories&post=8378"},{"taxonomy":"post_tag","embeddable":true,"href":"https:\/\/www.monzalecco.lombardia.cisl.it\/index.php?rest_route=%2Fwp%2Fv2%2Ftags&post=8378"}],"curies":[{"name":"wp","href":"https:\/\/api.w.org\/{rel}","templated":true}]}}