{"id":8438,"date":"2020-09-30T15:29:48","date_gmt":"2020-09-30T13:29:48","guid":{"rendered":"https:\/\/www.monzalecco.lombardia.cisl.it\/?p=8438"},"modified":"2020-09-30T15:30:37","modified_gmt":"2020-09-30T13:30:37","slug":"cgil-cisl-uil-confronto-per-ripartire","status":"publish","type":"post","link":"https:\/\/www.monzalecco.lombardia.cisl.it\/?p=8438","title":{"rendered":"Cgil, Cisl, Uil: \u00abRipartiamo da ReStart\u00bb"},"content":{"rendered":"<p>Per far ripartire il motore economico e sociale del nostro territorio serve un confronto di merito su come riprogettare sanit\u00e0 e socio assistenziale, scuola, economia e ambiente e mobilit\u00e0 partendo dai punti deboli che la pandemia ha messo in evidenza.<\/p>\n<p>Su questi temi il sindacato confederale ha continuato a interrogarsi e ad avanzare proposte su scala nazionale, regionale e territoriale. Questo \u00e8 il momento di aprire un confronto a tutti i livelli, partendo dal territorio.<\/p>\n<p>Questo era anche l\u2019obiettivo del patto \u00abBrianza ReStart\u00bb siglato il 22 luglio dalla Provincia di Monza e Brianza e dalle parti sociali. Cgil, Cisl e Uil di Monza e della Brianza confermano la necessit\u00e0 di attuare gli impegni contenuti in questo piano articolato in 16 punti.<\/p>\n<p>Un piano ambizioso che intende mettere a punto nuovi modelli di sviluppo dell\u2019area brianzola. La fase successiva all\u2019emergenza sanitaria pu\u00f2 essere vista come un\u2019opportunit\u00e0 di crescita per molti settori. L\u2019accordo prevede una serie di obiettivi specifici da raggiungere tramite una concertazione con tutti i soggetti economici e sociali. Il piano intende intervenire su tre grandi aree: economia, lavoro e formazione (\u00abRipartire insieme\u00bb), welfare e sanit\u00e0 (\u00abCurare e prendersi cura\u00bb), territorio e mobilit\u00e0 (\u00abNuovi paradigmi per un ambiente urbano di qualit\u00e0\u00bb).<\/p>\n<p>Il documento punta, per esempio, a monitorare gli indicatori dell\u2019andamento socio-economico del territorio, sostenere la semplificazione amministrativa degli enti locali, valorizzare i presidi di sanit\u00e0 territoriale e migliorare le complessive condizioni della mobilit\u00e0 in Brianza. Il protocollo promosso dalla Provincia regola anche la tempistica degli interventi: gi\u00e0 a ottobre dovrebbero essere attivate alcune delle procedure previste per il raggiungimento delle finalit\u00e0 concordate.<\/p>\n<p>\u00abSiamo pronti a fare la nostra parte per l\u2019attuazione del piano di ripartenza necessario per restituire slancio al nostro territorio \u2013 dichiarano Angela Mondellini, Mirco Scaccabarozzi e Abele Parente, rispettivamente segretari generali di Cgil, Cisl e Uil di Monza e Brianza \u2013. La pandemia ha colpito duramente anche questa provincia e siamo tuttora in una fase estremamente delicata. Riteniamo importante, perci\u00f2, uno sforzo comune per garantire nuove prospettive di lavoro e di benessere sociale ai cittadini che vivono, lavorano e studiano in quest\u2019area. Importante \u00e8 fare presto per non perdere la scommessa sulla ripartenza\u00bb.<\/p>\n","protected":false},"excerpt":{"rendered":"<p>Per far ripartire il motore economico e sociale del nostro territorio serve un confronto di merito su come riprogettare sanit\u00e0 e socio assistenziale, scuola, economia e ambiente e mobilit\u00e0 partendo dai punti deboli che la pandemia ha messo in evidenza. Su questi temi il sindacato confederale ha continuato a interrogarsi e ad avanzare proposte su [&hellip;]<\/p>\n","protected":false},"author":5,"featured_media":3640,"comment_status":"closed","ping_status":"open","sticky":false,"template":"","format":"standard","meta":{"footnotes":""},"categories":[1],"tags":[149,150],"class_list":{"0":"post-8438","1":"post","2":"type-post","3":"status-publish","4":"format-standard","5":"has-post-thumbnail","7":"category-notizie","8":"tag-cgil","9":"tag-uil","10":"czr-hentry"},"_links":{"self":[{"href":"https:\/\/www.monzalecco.lombardia.cisl.it\/index.php?rest_route=\/wp\/v2\/posts\/8438","targetHints":{"allow":["GET"]}}],"collection":[{"href":"https:\/\/www.monzalecco.lombardia.cisl.it\/index.php?rest_route=\/wp\/v2\/posts"}],"about":[{"href":"https:\/\/www.monzalecco.lombardia.cisl.it\/index.php?rest_route=\/wp\/v2\/types\/post"}],"author":[{"embeddable":true,"href":"https:\/\/www.monzalecco.lombardia.cisl.it\/index.php?rest_route=\/wp\/v2\/users\/5"}],"replies":[{"embeddable":true,"href":"https:\/\/www.monzalecco.lombardia.cisl.it\/index.php?rest_route=%2Fwp%2Fv2%2Fcomments&post=8438"}],"version-history":[{"count":2,"href":"https:\/\/www.monzalecco.lombardia.cisl.it\/index.php?rest_route=\/wp\/v2\/posts\/8438\/revisions"}],"predecessor-version":[{"id":8440,"href":"https:\/\/www.monzalecco.lombardia.cisl.it\/index.php?rest_route=\/wp\/v2\/posts\/8438\/revisions\/8440"}],"wp:featuredmedia":[{"embeddable":true,"href":"https:\/\/www.monzalecco.lombardia.cisl.it\/index.php?rest_route=\/wp\/v2\/media\/3640"}],"wp:attachment":[{"href":"https:\/\/www.monzalecco.lombardia.cisl.it\/index.php?rest_route=%2Fwp%2Fv2%2Fmedia&parent=8438"}],"wp:term":[{"taxonomy":"category","embeddable":true,"href":"https:\/\/www.monzalecco.lombardia.cisl.it\/index.php?rest_route=%2Fwp%2Fv2%2Fcategories&post=8438"},{"taxonomy":"post_tag","embeddable":true,"href":"https:\/\/www.monzalecco.lombardia.cisl.it\/index.php?rest_route=%2Fwp%2Fv2%2Ftags&post=8438"}],"curies":[{"name":"wp","href":"https:\/\/api.w.org\/{rel}","templated":true}]}}