{"id":8452,"date":"2020-10-02T16:41:42","date_gmt":"2020-10-02T14:41:42","guid":{"rendered":"https:\/\/www.monzalecco.lombardia.cisl.it\/?p=8452"},"modified":"2020-10-02T16:41:42","modified_gmt":"2020-10-02T14:41:42","slug":"la-nostra-famiglia-lunedi-cruciale","status":"publish","type":"post","link":"https:\/\/www.monzalecco.lombardia.cisl.it\/?p=8452","title":{"rendered":"La Nostra Famiglia, luned\u00ec cruciale"},"content":{"rendered":"<p>Sar\u00e0 accordo oppure sciopero. Luned\u00ec i rappresentanti sindacali de La Nostra Famiglia incontreranno i membri della direzione e del ministero per trovare un&#8217;intesa sull&#8217;applicazione del contratto nazionale.<\/p>\n<p>La vertenza \u00e8 iniziata a gennaio quando la direzione ha comunicato la disdetta unilaterale del contratto Aris-Aiop applicato ai lavoratori e l\u2019adozione di quello Aris-Riabilitazione.<\/p>\n<p>In realt\u00e0, il nuovo contratto, che nelle intenzioni dei dirigenti avrebbe dovuto entrare in vigore dal 1\u00b0 febbraio, al momento non \u00e8 stato applicato. Se lo fosse, le condizioni economiche e normative potrebbero peggiorare. Per esempio, il possibile ripristino, a pari stipendio, della settimana lavorativa a 38 ore, contro le 36 attuali.<\/p>\n<p>\u201cPer i lavoratori \u2013 spiega Franca Bodega, Cisl Fp Mbl \u2013 sarebbe punitivo. Allo stesso tempo, l&#8217;eventuale cambio non avrebbe alcuna conseguenza positiva sul bilancio aziendale. Quindi perch\u00e9 penalizzare i dipendenti? La direzione non pu\u00f2 cancellare anni di abnegazione, impegno e professionalit\u00e0 dimostrata da tutti gli operatori dell\u2019associazione\u00bb<\/p>\n<p>Sul territorio, la struttura, che offre servizi sanitari di eccellenza, ha oltre mille dipendenti (su duemila in tutt\u2019Italia) e diverse sedi: Bosisio Parini, Carate Brianza, Lecco, Mandello e Sesto San Giovanni.<\/p>\n<p>Se al ministero non si trover\u00e0 un&#8217;intesa le organizzazioni sindacali sono pronte a dichiarare lo sciopero. \u201cA luglio abbiamo dichiarato lo stato di agitazione \u2013 conclude Franca Bodega -. Il sindacato potr\u00e0 quindi potr\u00e0, se lo riterr\u00e0 opportuno, dichiarare lo sciopero. Vedremo come evolver\u00e0. Intanto l&#8217;8 ottobre al ministero della Salute sar\u00e0 firmato, dopo 14 anni di vacanza contrattuale, il contratto Aris\/Aiop. La prossima sar\u00e0 una settimana impegnativa\u201d.<\/p>\n","protected":false},"excerpt":{"rendered":"<p>Sar\u00e0 accordo oppure sciopero. Luned\u00ec i rappresentanti sindacali de La Nostra Famiglia incontreranno i membri della direzione e del ministero per trovare un&#8217;intesa sull&#8217;applicazione del contratto nazionale. La vertenza \u00e8 iniziata a gennaio quando la direzione ha comunicato la disdetta unilaterale del contratto Aris-Aiop applicato ai lavoratori e l\u2019adozione di quello Aris-Riabilitazione. In realt\u00e0, il [&hellip;]<\/p>\n","protected":false},"author":5,"featured_media":8066,"comment_status":"closed","ping_status":"open","sticky":false,"template":"","format":"standard","meta":{"footnotes":""},"categories":[1],"tags":[504],"class_list":{"0":"post-8452","1":"post","2":"type-post","3":"status-publish","4":"format-standard","5":"has-post-thumbnail","7":"category-notizie","8":"tag-la-nostra-famiglia","9":"czr-hentry"},"_links":{"self":[{"href":"https:\/\/www.monzalecco.lombardia.cisl.it\/index.php?rest_route=\/wp\/v2\/posts\/8452","targetHints":{"allow":["GET"]}}],"collection":[{"href":"https:\/\/www.monzalecco.lombardia.cisl.it\/index.php?rest_route=\/wp\/v2\/posts"}],"about":[{"href":"https:\/\/www.monzalecco.lombardia.cisl.it\/index.php?rest_route=\/wp\/v2\/types\/post"}],"author":[{"embeddable":true,"href":"https:\/\/www.monzalecco.lombardia.cisl.it\/index.php?rest_route=\/wp\/v2\/users\/5"}],"replies":[{"embeddable":true,"href":"https:\/\/www.monzalecco.lombardia.cisl.it\/index.php?rest_route=%2Fwp%2Fv2%2Fcomments&post=8452"}],"version-history":[{"count":1,"href":"https:\/\/www.monzalecco.lombardia.cisl.it\/index.php?rest_route=\/wp\/v2\/posts\/8452\/revisions"}],"predecessor-version":[{"id":8453,"href":"https:\/\/www.monzalecco.lombardia.cisl.it\/index.php?rest_route=\/wp\/v2\/posts\/8452\/revisions\/8453"}],"wp:featuredmedia":[{"embeddable":true,"href":"https:\/\/www.monzalecco.lombardia.cisl.it\/index.php?rest_route=\/wp\/v2\/media\/8066"}],"wp:attachment":[{"href":"https:\/\/www.monzalecco.lombardia.cisl.it\/index.php?rest_route=%2Fwp%2Fv2%2Fmedia&parent=8452"}],"wp:term":[{"taxonomy":"category","embeddable":true,"href":"https:\/\/www.monzalecco.lombardia.cisl.it\/index.php?rest_route=%2Fwp%2Fv2%2Fcategories&post=8452"},{"taxonomy":"post_tag","embeddable":true,"href":"https:\/\/www.monzalecco.lombardia.cisl.it\/index.php?rest_route=%2Fwp%2Fv2%2Ftags&post=8452"}],"curies":[{"name":"wp","href":"https:\/\/api.w.org\/{rel}","templated":true}]}}