{"id":8546,"date":"2020-10-16T12:06:14","date_gmt":"2020-10-16T10:06:14","guid":{"rendered":"https:\/\/www.monzalecco.lombardia.cisl.it\/?p=8546"},"modified":"2020-10-17T12:09:19","modified_gmt":"2020-10-17T10:09:19","slug":"calvi-incognite-sulla-cessione","status":"publish","type":"post","link":"https:\/\/www.monzalecco.lombardia.cisl.it\/?p=8546","title":{"rendered":"Calvi holding, incognite sulle cessioni"},"content":{"rendered":"<p>C&#8217;\u00e8 apprensione tra i lavoratori della Calvi Holding, il gruppo di Agrate Brianza che produce prodotti e profili speciali in acciaio. La propriet\u00e0 starebbe vendendo alcune aziende. A livello ufficiale l&#8217;unica cosa certa \u00e8 l&#8217;apertura delle trattative. Non si sa per\u00f2 chi sia il possibile acquirente anche se si parla di un gruppo svizzero gi\u00e0 attivo nel settore. \u00abLa dirigenza \u2013 spiega Eliana Dell&#8217;Acqua, Fim Cisl Mbl \u2013 ha confermato la trattativa in corso, ma non \u00e8 entrata nel dettaglio. Non conosciamo quindi i particolari. Per questo ci poniamo una serie di interrogativi sul futuro dell&#8217;azienda e sui livelli occupazionali\u00bb.<\/p>\n<p>La Calvi Holding \u00e8 un gruppo mondiale che opera nel settore della meccanica e della metallurgia e possiede stabilimenti in Brasile, Francia, Germania, Italia, Stati Uniti. In Brianza e nel Lecchese ha circa 200 dipendenti. Da tempo vive gravi problemi finanziari. Una decina di anni fa ha affrontato una ristrutturazione del debito. Negli anni, poi, il debito \u00e8 stato ricontrattato pi\u00f9 volte, ma senza risolvere completamente i problemi di bilancio. Recentemente la famiglia Chini, proprietaria del gruppo, ha abbandonato tutte le cariche operative, lasciando la gestione ai manager. Sono loro che stanno trattando la cessione.<\/p>\n<p>\u00abDa quanto sappiamo &#8211; continua Eliana Dell&#8217;Acqua -, sul tavolo sono stati messe le aziende della holding pi\u00f9 redditizie. A questo punto quale sar\u00e0 il futuro del gruppo? Nelle societ\u00e0 cedute, i reparti produttivi quasi certamente continueranno a operare come ora, ma i servizi? I reparti commerciali continueranno ad avere i margini necessari? Che cosa succeder\u00e0 della contrattazione aziendale? Come organizzazione sindacale continueremo a monitorare la situazione e metteremo in campo tutte le risorse possibili per tutelare i lavoratori\u00bb.<\/p>\n","protected":false},"excerpt":{"rendered":"<p>C&#8217;\u00e8 apprensione tra i lavoratori della Calvi Holding, il gruppo di Agrate Brianza che produce prodotti e profili speciali in acciaio. La propriet\u00e0 starebbe vendendo alcune aziende. A livello ufficiale l&#8217;unica cosa certa \u00e8 l&#8217;apertura delle trattative. Non si sa per\u00f2 chi sia il possibile acquirente anche se si parla di un gruppo svizzero gi\u00e0 [&hellip;]<\/p>\n","protected":false},"author":5,"featured_media":8548,"comment_status":"closed","ping_status":"open","sticky":false,"template":"","format":"standard","meta":{"footnotes":""},"categories":[1],"tags":[238,27],"class_list":{"0":"post-8546","1":"post","2":"type-post","3":"status-publish","4":"format-standard","5":"has-post-thumbnail","7":"category-notizie","8":"tag-calvi","9":"tag-fim","10":"czr-hentry"},"_links":{"self":[{"href":"https:\/\/www.monzalecco.lombardia.cisl.it\/index.php?rest_route=\/wp\/v2\/posts\/8546","targetHints":{"allow":["GET"]}}],"collection":[{"href":"https:\/\/www.monzalecco.lombardia.cisl.it\/index.php?rest_route=\/wp\/v2\/posts"}],"about":[{"href":"https:\/\/www.monzalecco.lombardia.cisl.it\/index.php?rest_route=\/wp\/v2\/types\/post"}],"author":[{"embeddable":true,"href":"https:\/\/www.monzalecco.lombardia.cisl.it\/index.php?rest_route=\/wp\/v2\/users\/5"}],"replies":[{"embeddable":true,"href":"https:\/\/www.monzalecco.lombardia.cisl.it\/index.php?rest_route=%2Fwp%2Fv2%2Fcomments&post=8546"}],"version-history":[{"count":2,"href":"https:\/\/www.monzalecco.lombardia.cisl.it\/index.php?rest_route=\/wp\/v2\/posts\/8546\/revisions"}],"predecessor-version":[{"id":8557,"href":"https:\/\/www.monzalecco.lombardia.cisl.it\/index.php?rest_route=\/wp\/v2\/posts\/8546\/revisions\/8557"}],"wp:featuredmedia":[{"embeddable":true,"href":"https:\/\/www.monzalecco.lombardia.cisl.it\/index.php?rest_route=\/wp\/v2\/media\/8548"}],"wp:attachment":[{"href":"https:\/\/www.monzalecco.lombardia.cisl.it\/index.php?rest_route=%2Fwp%2Fv2%2Fmedia&parent=8546"}],"wp:term":[{"taxonomy":"category","embeddable":true,"href":"https:\/\/www.monzalecco.lombardia.cisl.it\/index.php?rest_route=%2Fwp%2Fv2%2Fcategories&post=8546"},{"taxonomy":"post_tag","embeddable":true,"href":"https:\/\/www.monzalecco.lombardia.cisl.it\/index.php?rest_route=%2Fwp%2Fv2%2Ftags&post=8546"}],"curies":[{"name":"wp","href":"https:\/\/api.w.org\/{rel}","templated":true}]}}