{"id":8595,"date":"2020-10-23T10:49:31","date_gmt":"2020-10-23T08:49:31","guid":{"rendered":"https:\/\/www.monzalecco.lombardia.cisl.it\/?p=8595"},"modified":"2020-10-23T10:49:31","modified_gmt":"2020-10-23T08:49:31","slug":"rodacciai-si-rinnova-la-rsu","status":"publish","type":"post","link":"https:\/\/www.monzalecco.lombardia.cisl.it\/?p=8595","title":{"rendered":"Rodacciai, si rinnova la Rsu"},"content":{"rendered":"<p>Nuove elezioni per la Rsu della Rodacciai di Bosisio Parini. L&#8217;apertura unilaterale della procedura di rinnovo \u00e8 stata chiesta da un&#8217;organizzazione sindacale nell&#8217;ambito di una complessa trattativa che riguarda la modifica degli orari di lavoro del magazzino.<\/p>\n<p>Da tempo, la direzione aziendale ha chiesto un cambiamento dell&#8217;orario del reparto. Sul tema si \u00e8 sviluppata una trattativa tra Rodacciai e organizzazioni sindacali che, per\u00f2, non ha portato ad alcun accordo. Di fronte all&#8217;impasse, il 12 ottobre, la direzione aziendale ha applicato unilateralmente i nuovi orari. \u00abLa Fim Cisl Mbl &#8211; \u00e8 scritto in un comunicato &#8211; esprime la propria contrariet\u00e0 e ribadisce la necessit\u00e0 della massima tutela dei lavoratori interessati e di aprire il confronto sindacale per trovare una soluzione condivisa\u00bb.<\/p>\n<p>In questo contesto complesso, su iniziativa di una forza sindacale, \u00e8 stata aperta la procedura di rinnovo della Rsu. \u00abAbbiamo chiesto alla direzione &#8211; osserva Lorenzo Ballerini, Fim Cisl Mbl &#8211; di sospendere la discussione sugli orari e la ripresa della trattativa quando ci sar\u00e0 una nuova Rsu formalmente eletta e politicamente legittimata\u00bb.<\/p>\n<p>Le urne si apriranno fra due settimane. I lavoratori saranno chiamati a scegliere i loro rappresentanti nella Rsu. \u00abOvviamente speriamo in un buon risultato della nostra lista &#8211; continua Ballerini -. Un risultato che premi la nostra disponibilit\u00e0 al confronto e alla trattativa. Nel frattempo rinnoviamo il nostro apprezzamento per il lavoro svolto dalla Rsu uscente e per l&#8217;impegno personale di tutti i lavoratori che la compongono\u00bb.<\/p>\n<p>Una volta eletta la Rsu, la Fim Cisl Mbl chiede che si apra un nuovo confronto sull&#8217;orario. \u00abLe forze sindacali devono trovare una posizione unitaria e maggioritaria &#8211; conclude Ballerini -. Questa posizione andr\u00e0 poi portata al confronto con l&#8217;azienda\u00bb.<\/p>\n","protected":false},"excerpt":{"rendered":"<p>Nuove elezioni per la Rsu della Rodacciai di Bosisio Parini. L&#8217;apertura unilaterale della procedura di rinnovo \u00e8 stata chiesta da un&#8217;organizzazione sindacale nell&#8217;ambito di una complessa trattativa che riguarda la modifica degli orari di lavoro del magazzino. Da tempo, la direzione aziendale ha chiesto un cambiamento dell&#8217;orario del reparto. Sul tema si \u00e8 sviluppata una [&hellip;]<\/p>\n","protected":false},"author":5,"featured_media":8596,"comment_status":"closed","ping_status":"open","sticky":false,"template":"","format":"standard","meta":{"footnotes":""},"categories":[1],"tags":[27,595],"class_list":{"0":"post-8595","1":"post","2":"type-post","3":"status-publish","4":"format-standard","5":"has-post-thumbnail","7":"category-notizie","8":"tag-fim","9":"tag-rodacciai","10":"czr-hentry"},"_links":{"self":[{"href":"https:\/\/www.monzalecco.lombardia.cisl.it\/index.php?rest_route=\/wp\/v2\/posts\/8595","targetHints":{"allow":["GET"]}}],"collection":[{"href":"https:\/\/www.monzalecco.lombardia.cisl.it\/index.php?rest_route=\/wp\/v2\/posts"}],"about":[{"href":"https:\/\/www.monzalecco.lombardia.cisl.it\/index.php?rest_route=\/wp\/v2\/types\/post"}],"author":[{"embeddable":true,"href":"https:\/\/www.monzalecco.lombardia.cisl.it\/index.php?rest_route=\/wp\/v2\/users\/5"}],"replies":[{"embeddable":true,"href":"https:\/\/www.monzalecco.lombardia.cisl.it\/index.php?rest_route=%2Fwp%2Fv2%2Fcomments&post=8595"}],"version-history":[{"count":1,"href":"https:\/\/www.monzalecco.lombardia.cisl.it\/index.php?rest_route=\/wp\/v2\/posts\/8595\/revisions"}],"predecessor-version":[{"id":8597,"href":"https:\/\/www.monzalecco.lombardia.cisl.it\/index.php?rest_route=\/wp\/v2\/posts\/8595\/revisions\/8597"}],"wp:featuredmedia":[{"embeddable":true,"href":"https:\/\/www.monzalecco.lombardia.cisl.it\/index.php?rest_route=\/wp\/v2\/media\/8596"}],"wp:attachment":[{"href":"https:\/\/www.monzalecco.lombardia.cisl.it\/index.php?rest_route=%2Fwp%2Fv2%2Fmedia&parent=8595"}],"wp:term":[{"taxonomy":"category","embeddable":true,"href":"https:\/\/www.monzalecco.lombardia.cisl.it\/index.php?rest_route=%2Fwp%2Fv2%2Fcategories&post=8595"},{"taxonomy":"post_tag","embeddable":true,"href":"https:\/\/www.monzalecco.lombardia.cisl.it\/index.php?rest_route=%2Fwp%2Fv2%2Ftags&post=8595"}],"curies":[{"name":"wp","href":"https:\/\/api.w.org\/{rel}","templated":true}]}}