{"id":8598,"date":"2020-10-23T11:26:13","date_gmt":"2020-10-23T09:26:13","guid":{"rendered":"https:\/\/www.monzalecco.lombardia.cisl.it\/?p=8598"},"modified":"2020-10-23T11:26:13","modified_gmt":"2020-10-23T09:26:13","slug":"inps-cesano-totem-o-sportello","status":"publish","type":"post","link":"https:\/\/www.monzalecco.lombardia.cisl.it\/?p=8598","title":{"rendered":"Inps Cesano, totem o sportello?"},"content":{"rendered":"<p>Un punto cliente o uno sportello con un funzionario? Nulla \u00e8 stato ancora deciso su come si sopperir\u00e0 alla chiusura dell&#8217;ufficio Inps di Cesano Maderno. Se ne discuter\u00e0 nel Comitato provinciale dell&#8217;Istituto di previdenza che si terr\u00e0 il 30 ottobre.<\/p>\n<p>\u00ab.A oggi \u00e8 stata annunciata l&#8217;intenzione di sostituire con uno sportello la chiusura dell&#8217;ufficio &#8211; spiega Stefano Buzzi, Fnp CislMbl -,ma come si concretizzi questa decisione non \u00e8 ancora chiaro\u00bb. In alcuni Comuni esistono gi\u00e0 totem informativi supportati dagli impiegati municipali. Se si creasse un simile supporto si potrebbe quindi attingere all&#8217;esperienza gi\u00e0 maturata altrove. \u00abIn realt\u00e0 &#8211; continua Buzzi &#8211; si parla anche di un vero e proprio sportello con un funzionario. Un&#8217;ipotesi possibile anche se difficile da attuare. Servirebbe una figura professionale, che non c&#8217;\u00e8 al momento, competente su ogni aspetto previdenziale. Il direttore dell&#8217;Inps provinciale al momento non ha ricevuto alcuna indicazione. Ne discuteremo nel prossimo Comitato provinciale\u00bb.<\/p>\n<p>La chiusura dell&#8217;ufiicio Inps di Cesano Maderno e il passaggio delle pratiche all&#8217;ufficio di Desio \u00e8 stata contestata dalle organizzazioni sindacali. \u00abAnche se temporanea &#8211; conclude Buzzi -, la chiusura mette in difficolt\u00e0 un bacino di utenza di 140.000 persone che vivono in nove Comuni e pesa sull&#8217;ufficio di Desio, gi\u00e0 oberato di lavoro. Dobbiamo quindi trovare una soluzione che, per\u00f2, al momento, non \u00e8 ancora stata presa\u00bb.<\/p>\n","protected":false},"excerpt":{"rendered":"<p>Un punto cliente o uno sportello con un funzionario? Nulla \u00e8 stato ancora deciso su come si sopperir\u00e0 alla chiusura dell&#8217;ufficio Inps di Cesano Maderno. Se ne discuter\u00e0 nel Comitato provinciale dell&#8217;Istituto di previdenza che si terr\u00e0 il 30 ottobre. \u00ab.A oggi \u00e8 stata annunciata l&#8217;intenzione di sostituire con uno sportello la chiusura dell&#8217;ufficio &#8211; [&hellip;]<\/p>\n","protected":false},"author":5,"featured_media":8573,"comment_status":"closed","ping_status":"open","sticky":false,"template":"","format":"standard","meta":{"footnotes":""},"categories":[1],"tags":[97,453],"class_list":{"0":"post-8598","1":"post","2":"type-post","3":"status-publish","4":"format-standard","5":"has-post-thumbnail","7":"category-notizie","8":"tag-fnp","9":"tag-inps","10":"czr-hentry"},"_links":{"self":[{"href":"https:\/\/www.monzalecco.lombardia.cisl.it\/index.php?rest_route=\/wp\/v2\/posts\/8598","targetHints":{"allow":["GET"]}}],"collection":[{"href":"https:\/\/www.monzalecco.lombardia.cisl.it\/index.php?rest_route=\/wp\/v2\/posts"}],"about":[{"href":"https:\/\/www.monzalecco.lombardia.cisl.it\/index.php?rest_route=\/wp\/v2\/types\/post"}],"author":[{"embeddable":true,"href":"https:\/\/www.monzalecco.lombardia.cisl.it\/index.php?rest_route=\/wp\/v2\/users\/5"}],"replies":[{"embeddable":true,"href":"https:\/\/www.monzalecco.lombardia.cisl.it\/index.php?rest_route=%2Fwp%2Fv2%2Fcomments&post=8598"}],"version-history":[{"count":1,"href":"https:\/\/www.monzalecco.lombardia.cisl.it\/index.php?rest_route=\/wp\/v2\/posts\/8598\/revisions"}],"predecessor-version":[{"id":8599,"href":"https:\/\/www.monzalecco.lombardia.cisl.it\/index.php?rest_route=\/wp\/v2\/posts\/8598\/revisions\/8599"}],"wp:featuredmedia":[{"embeddable":true,"href":"https:\/\/www.monzalecco.lombardia.cisl.it\/index.php?rest_route=\/wp\/v2\/media\/8573"}],"wp:attachment":[{"href":"https:\/\/www.monzalecco.lombardia.cisl.it\/index.php?rest_route=%2Fwp%2Fv2%2Fmedia&parent=8598"}],"wp:term":[{"taxonomy":"category","embeddable":true,"href":"https:\/\/www.monzalecco.lombardia.cisl.it\/index.php?rest_route=%2Fwp%2Fv2%2Fcategories&post=8598"},{"taxonomy":"post_tag","embeddable":true,"href":"https:\/\/www.monzalecco.lombardia.cisl.it\/index.php?rest_route=%2Fwp%2Fv2%2Ftags&post=8598"}],"curies":[{"name":"wp","href":"https:\/\/api.w.org\/{rel}","templated":true}]}}