{"id":8791,"date":"2020-11-16T16:17:40","date_gmt":"2020-11-16T15:17:40","guid":{"rendered":"https:\/\/www.monzalecco.lombardia.cisl.it\/?p=8791"},"modified":"2020-11-16T16:17:40","modified_gmt":"2020-11-16T15:17:40","slug":"dai-un-voto-per-aiutare-iscos","status":"publish","type":"post","link":"https:\/\/www.monzalecco.lombardia.cisl.it\/?p=8791","title":{"rendered":"Dai un voto per aiutare Iscos"},"content":{"rendered":"<div dir=\"auto\">Da oggi, 16 novembre, si aprono le votazioni su <a href=\"https:\/\/www.chiodiapaga.it\/\">\u00abChi Odia paga\u00bb<\/a>, la prima piattaforma <em>legaltech<\/em> italiana che ti aiuta a difenderti dalle forme d\u2019odio sul web,<\/div>\n<div dir=\"auto\"><\/div>\n<div dir=\"auto\">Numerosi progetti che hanno partecipato alla call \u00abUna Buona Causa\u00bb tra questi \u00e8 possibile sceglierne uno. Solo il progetto che ricever\u00e0 pi\u00f9 voti potr\u00e0 accedere alla raccolta fondi! Iscos Lombardia ha candidato il progetto <a href=\"https:\/\/lombardia.cisl.it\/notizie\/contro-lodio-on-line-iscos-lombardia-candida-il-suo-progetto-ies\/\">\u00abIes: Inform Empower and Sensibilize\u00bb<\/a> sulla lotta all&#8217;odio razziale e all&#8217;hate speech online.<\/div>\n<div dir=\"auto\"><\/div>\n<div dir=\"auto\">Per accedere al finanziamento, Iscos ha bisogno del vostro sostegno!<\/div>\n<div dir=\"auto\">Come? CON IL VOSTRO VOTO!<\/div>\n<div dir=\"auto\">Basta cliccare su questo link: <a class=\"oajrlxb2 g5ia77u1 qu0x051f esr5mh6w e9989ue4 r7d6kgcz rq0escxv nhd2j8a9 nc684nl6 p7hjln8o kvgmc6g5 cxmmr5t8 oygrvhab hcukyx3x jb3vyjys rz4wbd8a qt6c0cv9 a8nywdso i1ao9s8h esuyzwwr f1sip0of lzcic4wl py34i1dx gpro0wi8\" tabindex=\"0\" role=\"link\" href=\"https:\/\/crowdfunding.chiodiapaga.it\/ies-inform-empower-and-sensibilize\/?fbclid=IwAR2vl2LQzt58lP-P7bu5bJUFoMHmtcypB__T-fs3FUOTEJFmmVPyMSF3bik\" target=\"_blank\" rel=\"nofollow noopener noreferrer\">https:\/\/crowdfunding.chiodiapaga.it\/ies-inform-empower&#8230;\/<\/a><\/div>\n<div dir=\"auto\"><\/div>\n<div dir=\"auto\">Questo ci permetter\u00e0 di passare alla fase di crowfunding e di raggiungere l&#8217;obiettivo necessario per avviare le attivit\u00e0.<\/div>\n","protected":false},"excerpt":{"rendered":"<p>Da oggi, 16 novembre, si aprono le votazioni su \u00abChi Odia paga\u00bb, la prima piattaforma legaltech italiana che ti aiuta a difenderti dalle forme d\u2019odio sul web, Numerosi progetti che hanno partecipato alla call \u00abUna Buona Causa\u00bb tra questi \u00e8 possibile sceglierne uno. Solo il progetto che ricever\u00e0 pi\u00f9 voti potr\u00e0 accedere alla raccolta fondi! [&hellip;]<\/p>\n","protected":false},"author":5,"featured_media":8792,"comment_status":"closed","ping_status":"open","sticky":false,"template":"","format":"standard","meta":{"footnotes":""},"categories":[1],"tags":[111,570],"class_list":{"0":"post-8791","1":"post","2":"type-post","3":"status-publish","4":"format-standard","5":"has-post-thumbnail","7":"category-notizie","8":"tag-iscos","9":"tag-iscos-lombardia","10":"czr-hentry"},"_links":{"self":[{"href":"https:\/\/www.monzalecco.lombardia.cisl.it\/index.php?rest_route=\/wp\/v2\/posts\/8791","targetHints":{"allow":["GET"]}}],"collection":[{"href":"https:\/\/www.monzalecco.lombardia.cisl.it\/index.php?rest_route=\/wp\/v2\/posts"}],"about":[{"href":"https:\/\/www.monzalecco.lombardia.cisl.it\/index.php?rest_route=\/wp\/v2\/types\/post"}],"author":[{"embeddable":true,"href":"https:\/\/www.monzalecco.lombardia.cisl.it\/index.php?rest_route=\/wp\/v2\/users\/5"}],"replies":[{"embeddable":true,"href":"https:\/\/www.monzalecco.lombardia.cisl.it\/index.php?rest_route=%2Fwp%2Fv2%2Fcomments&post=8791"}],"version-history":[{"count":1,"href":"https:\/\/www.monzalecco.lombardia.cisl.it\/index.php?rest_route=\/wp\/v2\/posts\/8791\/revisions"}],"predecessor-version":[{"id":8793,"href":"https:\/\/www.monzalecco.lombardia.cisl.it\/index.php?rest_route=\/wp\/v2\/posts\/8791\/revisions\/8793"}],"wp:featuredmedia":[{"embeddable":true,"href":"https:\/\/www.monzalecco.lombardia.cisl.it\/index.php?rest_route=\/wp\/v2\/media\/8792"}],"wp:attachment":[{"href":"https:\/\/www.monzalecco.lombardia.cisl.it\/index.php?rest_route=%2Fwp%2Fv2%2Fmedia&parent=8791"}],"wp:term":[{"taxonomy":"category","embeddable":true,"href":"https:\/\/www.monzalecco.lombardia.cisl.it\/index.php?rest_route=%2Fwp%2Fv2%2Fcategories&post=8791"},{"taxonomy":"post_tag","embeddable":true,"href":"https:\/\/www.monzalecco.lombardia.cisl.it\/index.php?rest_route=%2Fwp%2Fv2%2Ftags&post=8791"}],"curies":[{"name":"wp","href":"https:\/\/api.w.org\/{rel}","templated":true}]}}