{"id":8813,"date":"2020-11-18T18:29:40","date_gmt":"2020-11-18T17:29:40","guid":{"rendered":"https:\/\/www.monzalecco.lombardia.cisl.it\/?p=8813"},"modified":"2020-11-18T18:39:19","modified_gmt":"2020-11-18T17:39:19","slug":"saronni-salviamo-le-rsa","status":"publish","type":"post","link":"https:\/\/www.monzalecco.lombardia.cisl.it\/?p=8813","title":{"rendered":"Saronni: \u00abSalviamo le Rsa\u00bb"},"content":{"rendered":"<p>Di Rsa si parla molto &#8211; giustamente &#8211; per segnalare presenza di focolai Covid-19, per immaginare come riavvicinare l\u2019ospite con i propri famigliari, per denunciare carenza di organici e di figure professionali specifiche, per segnalare la predominante presenza di patologie sanitarie. Tutti problemi seri e reali, ovviamente, ma c\u2019\u00e8 un aspetto che si considera troppo poco e che il coronavirus ha ulteriormente aggravato. Si tratta della sostenibilit\u00e0 economica delle Rsa sulla quale, a partire dal Governo regionale, non vengono attivati sostegni e politiche adeguate.<\/p>\n<p>Gli analisti del sociale concordano tutti sull\u2019urgenza di strutturare sostegni al fenomeno dell\u2019invecchiamento della popolazione, concordano sull\u2019idea che si invecchia di pi\u00f9 ma anche che si invecchia male. Ci\u00f2 che si dice &#8211; sommessamente &#8211; \u00e8 che questa situazione \u00e8 sempre pi\u00f9 sulle spalle delle famiglie, su cui gravano costi e responsabilit\u00e0 sempre pi\u00f9 spesso insopportabili<\/p>\n<p>Nel nostro territorio, proprio per l\u2019abbandono della politica regionale, le nostre Rsa hanno dovuto \u00abarrangiarsi\u00bb e non solo nella fase pandemica, fase nella quale tutti i costi Covid-19 sono stati caricati sulle spalle dei bilanci di ogni singola Rsa mettendo in forte fibrillazione la tenuta di tutto il sistema (solo il mese scorso e dopo forti pressioni anche nostre sono arrivati pochi aiuti).<\/p>\n<p>L\u2019assenza di una politica progettuale ha causato un aumento dei posti letto solventi di 548 unit\u00e0, ovviamente a totale carico dell\u2019utente ospite e ha determinato un aumento delle rette minime, passate da 63,46 euro a 70,83 in 5 anni.<\/p>\n<p>Le Rsa hanno dovuto arrangiarsi anche sulle politiche relative al personale, esternalizzando e auto-finanziando formazione e ricerca di specialit\u00e0. Oggi con il Covid-19 si \u00e8 aggiunta la \u00abfuga\u00bb di personale verso ospedali lasciando vuoti assistenziali.<\/p>\n<p>Regione Lombardia, ma anche il sistema socio-sanitario nazionale, devono farsi carico di questo problema con una legge sulla non-autosufficienza finanziata adeguatamente, Noi, come sindacato, lo chiediamo da anni e oggi non \u00e8 pi\u00f9 derogabile.<\/p>\n<p>Negli incontri che abbiamo avuto in questi mesi con i dirigenti delle Rsa del nostro territorio abbiamo registrato una preoccupazione e un affanno ai limiti del reggibile. Va riconosciuto lo sforzo che stanno facendo, ma il fai-da-te non sar\u00e0 pi\u00f9 sufficiente. O la politica si fa carico del problema, sostenendolo con risorse e scelte adeguate, oppure in un futuro non molto lontano saranno i potentati economici a entrare nel business dell\u2019anziano, e questo si tradurr\u00e0 in costi a carico delle famiglie, deregolamentazione, interventi solo se redditizi.<\/p>\n<p>Noi non possiamo permetterlo e continueremo a dare voce a chi oggi non \u00e8 ascoltato a partire dagli anziani e dalle loro famiglie<\/p>\n<p><strong><em>Giuseppe Saronni<\/em><\/strong><br \/>\n<em>Segretario Fnp Cisl Monza Brianza Lecco<\/em><\/p>\n","protected":false},"excerpt":{"rendered":"<p>Di Rsa si parla molto &#8211; giustamente &#8211; per segnalare presenza di focolai Covid-19, per immaginare come riavvicinare l\u2019ospite con i propri famigliari, per denunciare carenza di organici e di figure professionali specifiche, per segnalare la predominante presenza di patologie sanitarie. Tutti problemi seri e reali, ovviamente, ma c\u2019\u00e8 un aspetto che si considera troppo [&hellip;]<\/p>\n","protected":false},"author":5,"featured_media":8814,"comment_status":"closed","ping_status":"open","sticky":false,"template":"","format":"standard","meta":{"footnotes":""},"categories":[1],"tags":[99,548],"class_list":{"0":"post-8813","1":"post","2":"type-post","3":"status-publish","4":"format-standard","5":"has-post-thumbnail","7":"category-notizie","8":"tag-anziani","9":"tag-rsa","10":"czr-hentry"},"_links":{"self":[{"href":"https:\/\/www.monzalecco.lombardia.cisl.it\/index.php?rest_route=\/wp\/v2\/posts\/8813","targetHints":{"allow":["GET"]}}],"collection":[{"href":"https:\/\/www.monzalecco.lombardia.cisl.it\/index.php?rest_route=\/wp\/v2\/posts"}],"about":[{"href":"https:\/\/www.monzalecco.lombardia.cisl.it\/index.php?rest_route=\/wp\/v2\/types\/post"}],"author":[{"embeddable":true,"href":"https:\/\/www.monzalecco.lombardia.cisl.it\/index.php?rest_route=\/wp\/v2\/users\/5"}],"replies":[{"embeddable":true,"href":"https:\/\/www.monzalecco.lombardia.cisl.it\/index.php?rest_route=%2Fwp%2Fv2%2Fcomments&post=8813"}],"version-history":[{"count":2,"href":"https:\/\/www.monzalecco.lombardia.cisl.it\/index.php?rest_route=\/wp\/v2\/posts\/8813\/revisions"}],"predecessor-version":[{"id":8816,"href":"https:\/\/www.monzalecco.lombardia.cisl.it\/index.php?rest_route=\/wp\/v2\/posts\/8813\/revisions\/8816"}],"wp:featuredmedia":[{"embeddable":true,"href":"https:\/\/www.monzalecco.lombardia.cisl.it\/index.php?rest_route=\/wp\/v2\/media\/8814"}],"wp:attachment":[{"href":"https:\/\/www.monzalecco.lombardia.cisl.it\/index.php?rest_route=%2Fwp%2Fv2%2Fmedia&parent=8813"}],"wp:term":[{"taxonomy":"category","embeddable":true,"href":"https:\/\/www.monzalecco.lombardia.cisl.it\/index.php?rest_route=%2Fwp%2Fv2%2Fcategories&post=8813"},{"taxonomy":"post_tag","embeddable":true,"href":"https:\/\/www.monzalecco.lombardia.cisl.it\/index.php?rest_route=%2Fwp%2Fv2%2Ftags&post=8813"}],"curies":[{"name":"wp","href":"https:\/\/api.w.org\/{rel}","templated":true}]}}