{"id":8847,"date":"2020-11-25T08:09:19","date_gmt":"2020-11-25T07:09:19","guid":{"rendered":"https:\/\/www.monzalecco.lombardia.cisl.it\/?p=8847"},"modified":"2020-11-25T08:08:52","modified_gmt":"2020-11-25T07:08:52","slug":"25-novembre-contro-la-violenza-sulle-donne","status":"publish","type":"post","link":"https:\/\/www.monzalecco.lombardia.cisl.it\/?p=8847","title":{"rendered":"25 novembre, contro la violenza sulle donne"},"content":{"rendered":"<p>Il <span style=\"color: #008000;\"><strong>25 novembre<\/strong> <\/span>si celebra la<span style=\"color: #008000;\"> <strong>Giornata internazionale per l&#8217;eliminazione della violenza contro le donne<\/strong>.<\/span> \u00c8 una ricorrenza mondiale che ricordiamo anche sui territori di Lecco e di Monza. Ma perch\u00e9 si festeggia in questo giorno e perch\u00e9 \u00e8 stata istituita questa Giornata?<\/p>\n<p>La data \u00e8 il <span style=\"color: #008000;\"><strong>ricordo di un assassinio<\/strong><\/span>, avvenuto nel 1960 nella <span style=\"color: #008000;\"><strong>Repubblica Dominicana<\/strong><\/span>, ai tempi del dittatore Trujillo. Tre sorelle, di cognome Mirabal, considerate rivoluzionarie, furono torturate, massacrate, strangolate.\u00a0 La Giornata \u00e8 stata istituita dall&#8217;Onu nel\u00a0 1999. La matrice della violenza contro le donne pu\u00f2 essere rintracciata ancor oggi nella disuguaglianza dei rapporti tra uomini e donne.<\/p>\n<p>Quest&#8217;anno la Giornata internazionale per l&#8217;eliminazione della violenza contro le donne cade in un momento particolare. La <span style=\"color: #008000;\"><strong>pandemia di Covid-19<\/strong><\/span> non solo non ha migliorato la <span style=\"color: #008000;\"><strong>condizione delle donne<\/strong><\/span>, ma l&#8217;ha <span style=\"color: #008000;\"><strong>peggiorato<\/strong><\/span>. A Lecco, secondo la Questura, nel 2020 sono aumentate del 50% le denunce per violenza e del 25% per atti persecutori, registrando 30 nuovi casi di maltrattamento in famiglia e 10 casi di atti persecutori. Anche la Squadra Mobile della Questura di Monza comunica dati preoccupanti dall\u2019inizio della pandemia: 36 atti persecutori, 22 violenze sessuali, 29 maltrattamenti contro familiari e conviventi. A fianco alla violenza fisica e psicologica e\u0300 in crescita anche quella economica.<\/p>\n<p>Non potendo organizzare eventi pubblici a causa delle restrizioni legate alla pandemia, <span style=\"color: #008000;\"><strong>Cgil, Cisl e Uil di Monza e di Lecco<\/strong> <\/span>hanno realizzato una serie di <span style=\"color: #008000;\"><strong>video<\/strong> <\/span>(allegati in fondo), per <span style=\"color: #008000;\"><strong>sensibilizzare la cittadinanza<\/strong><\/span> ed esprimere la vicinanza a tutte le donne in situazione di disagio. In <span style=\"color: #008000;\"><strong>Brianza<\/strong><\/span>, saranno affissi nei principali Comuni della provincia i manifesti di Cgil, Cisl e Uil che pubblicizzano il <span style=\"color: #008000;\"><strong>numero del centro antiviolenza<\/strong> <\/span>(1522) e del <span style=\"color: #008000;\"><strong>Cadom<\/strong> <\/span>di Monza, organizzazione che sostiene le donne vittime di violenza.. A <span style=\"color: #008000;\"><strong>Lecco<\/strong><\/span>, a partire dalla sera di martedi\u0300 24 novembre fino al mattino di giovedi\u0300 26, sulla sede <span style=\"color: #008000;\"><strong>Cgil e Cisl<\/strong> <\/span>di via Besonda un faro rosso illuminera\u0300 i cieli della citta\u0300 e l\u2019intero<span style=\"color: #008000;\"> <strong>palazzo si tingera\u0300 di rosso<\/strong> <\/span>(colore simbolo della lotta alla violenza sulle donne). Sulla sede Uil di corso Martiri sventolera\u0300 uno striscione con l\u2019hashtag dell\u2019iniziatva: <span style=\"color: #ff0000;\"><strong>#NonSeiSola<\/strong>.<\/span><\/p>\n<p>&nbsp;<\/p>\n<h3><span style=\"color: #008000;\">LECCO<\/span><\/h3>\n<p><span style=\"color: #99cc00;\"><a href=\"https:\/\/www.monzalecco.lombardia.cisl.it\/wp-content\/uploads\/2020\/11\/venticinquenovembre2020-lecco.pdf\">Comunicato 25 novembre Cgil, Cisl e Uil Lecco<\/a><\/span><\/p>\n<h5><span style=\"color: #ff0000;\">Video<\/span><\/h5>\n<p><a href=\"https:\/\/youtu.be\/8HQmuyZ5-x0\">25 novembre, Cgil Lecco<\/a><br \/>\n<a href=\"https:\/\/youtu.be\/MzH3Hwjw_xw\">25 novembre, Cisl Lecco<\/a><br \/>\n<a href=\"https:\/\/youtu.be\/mM6ozjxR5M8\">25 novembre, Uil Lario<\/a><br \/>\n<a href=\"https:\/\/youtu.be\/xLML0D8krfY\">25 novembre, Associazione Altra Met\u00e0 del Cielo<\/a><br \/>\n<a href=\"https:\/\/youtu.be\/wWrDRAhh_CQ\">25 novembre, Questura di Lecco<\/a><br \/>\n<a href=\"https:\/\/youtu.be\/J0KtYHDbpD4\">25 novembre, Donne&amp;Covid<\/a><br \/>\n<a href=\"https:\/\/youtu.be\/Yes1FOcsvfI\">25 novembre Giornata mondiale contro la violenza sulle donne Lecco<\/a><\/p>\n<p>&nbsp;<\/p>\n<h3><span style=\"color: #008000;\">Monza<\/span><\/h3>\n<p><a href=\"https:\/\/www.monzalecco.lombardia.cisl.it\/wp-content\/uploads\/2020\/11\/venticinquenovembre2020-monza.pdf\">Comunicato 25 novembre Cgil, Cisl Uil Monza e Brianza<\/a><br \/>\n<a href=\"https:\/\/www.monzalecco.lombardia.cisl.it\/wp-content\/uploads\/2020\/11\/Manifesto-25-novembre-2020.pdf\">Manifesto 25 novembre 2020<\/a><\/p>\n<h5><span style=\"color: #ff0000;\">Video<\/span><\/h5>\n<p><a href=\"https:\/\/youtu.be\/DBMMI6lXU-0\">25 novembre, Cgil Monza<\/a><br \/>\n<a href=\"https:\/\/youtu.be\/9nHVR7i1UWU\">25 novembre, Cisl Monza<\/a><br \/>\n<a href=\"https:\/\/youtu.be\/jWNkvN_yOYg\">25 novembre Cadom Monza<\/a><br \/>\n<a href=\"https:\/\/www.youtube.com\/watch?v=XOTYVzJetBI&amp;t=6s\">25 novembre, Foro di Monza<\/a><br \/>\n<a href=\"https:\/\/youtu.be\/si3_mzhwtak\">25 novembre, Pronto Soccorso di Monza<\/a><br \/>\n<a href=\"https:\/\/youtu.be\/ZjOhKTWnNZw\">25 novembre, NaturOnlus<\/a><br \/>\n<a href=\"https:\/\/youtu.be\/KfVTYnAQqDM\">25 novembre Giornata mondiale contro la violenza sulle donne Monza<\/a><\/p>\n","protected":false},"excerpt":{"rendered":"<p>Il 25 novembre si celebra la Giornata internazionale per l&#8217;eliminazione della violenza contro le donne. \u00c8 una ricorrenza mondiale che ricordiamo anche sui territori di Lecco e di Monza. Ma perch\u00e9 si festeggia in questo giorno e perch\u00e9 \u00e8 stata istituita questa Giornata? La data \u00e8 il ricordo di un assassinio, avvenuto nel 1960 nella [&hellip;]<\/p>\n","protected":false},"author":5,"featured_media":8856,"comment_status":"closed","ping_status":"open","sticky":false,"template":"","format":"standard","meta":{"footnotes":""},"categories":[1],"tags":[468,600],"class_list":{"0":"post-8847","1":"post","2":"type-post","3":"status-publish","4":"format-standard","5":"has-post-thumbnail","7":"category-notizie","8":"tag-violenza","9":"tag-violenza-donne","10":"czr-hentry"},"_links":{"self":[{"href":"https:\/\/www.monzalecco.lombardia.cisl.it\/index.php?rest_route=\/wp\/v2\/posts\/8847","targetHints":{"allow":["GET"]}}],"collection":[{"href":"https:\/\/www.monzalecco.lombardia.cisl.it\/index.php?rest_route=\/wp\/v2\/posts"}],"about":[{"href":"https:\/\/www.monzalecco.lombardia.cisl.it\/index.php?rest_route=\/wp\/v2\/types\/post"}],"author":[{"embeddable":true,"href":"https:\/\/www.monzalecco.lombardia.cisl.it\/index.php?rest_route=\/wp\/v2\/users\/5"}],"replies":[{"embeddable":true,"href":"https:\/\/www.monzalecco.lombardia.cisl.it\/index.php?rest_route=%2Fwp%2Fv2%2Fcomments&post=8847"}],"version-history":[{"count":13,"href":"https:\/\/www.monzalecco.lombardia.cisl.it\/index.php?rest_route=\/wp\/v2\/posts\/8847\/revisions"}],"predecessor-version":[{"id":8872,"href":"https:\/\/www.monzalecco.lombardia.cisl.it\/index.php?rest_route=\/wp\/v2\/posts\/8847\/revisions\/8872"}],"wp:featuredmedia":[{"embeddable":true,"href":"https:\/\/www.monzalecco.lombardia.cisl.it\/index.php?rest_route=\/wp\/v2\/media\/8856"}],"wp:attachment":[{"href":"https:\/\/www.monzalecco.lombardia.cisl.it\/index.php?rest_route=%2Fwp%2Fv2%2Fmedia&parent=8847"}],"wp:term":[{"taxonomy":"category","embeddable":true,"href":"https:\/\/www.monzalecco.lombardia.cisl.it\/index.php?rest_route=%2Fwp%2Fv2%2Fcategories&post=8847"},{"taxonomy":"post_tag","embeddable":true,"href":"https:\/\/www.monzalecco.lombardia.cisl.it\/index.php?rest_route=%2Fwp%2Fv2%2Ftags&post=8847"}],"curies":[{"name":"wp","href":"https:\/\/api.w.org\/{rel}","templated":true}]}}