{"id":8956,"date":"2020-12-07T15:26:18","date_gmt":"2020-12-07T14:26:18","guid":{"rendered":"https:\/\/www.monzalecco.lombardia.cisl.it\/?p=8956"},"modified":"2020-12-07T17:50:29","modified_gmt":"2020-12-07T16:50:29","slug":"pubblico-impiego-sciopero-e-presidio","status":"publish","type":"post","link":"https:\/\/www.monzalecco.lombardia.cisl.it\/?p=8956","title":{"rendered":"Pubblico impiego, sciopero e presidio"},"content":{"rendered":"<p><strong>Mercoled\u00ec 9, i lavoratori dei servizi pubblici scioperano per chiedere il rinnovo del contratto nazionale, maggiore sicurezza sui luoghi di lavoro e un rafforzamento degli organici. In concomitanza dello sciopero, a Monza si terr\u00e0 un presidio in piazza Trento e Trieste dalle ore 10 alle 12. Di seguito il comunicato stampa di Fp Cgil, Cisl Fp, Uil Fpl, Uil Pa.<\/strong><\/p>\n<p>Lo sciopero proclamato per il 9 dicembre 2020 da Fp Cgil, Cisl Fp, Uil Fpl, Uil Pa \u00e8 l&#8217;inevitabile conseguenza delle richieste inascoltate e delle ripetute sollecitazioni fatte al Governo per l\u2019apertura delle trattative su diversi temi dell\u2019innovazione, delle assunzioni, della sicurezza e del rinnovo del contratto nazionale di tutti i comparti pubblici.<\/p>\n<p>Non c\u2019\u00e8 stato dialogo n\u00e9 contrattazione.<\/p>\n<p>Nel nostro sistema democratico costituzionale quando non c\u2019\u00e8 dialogo tra lavoratori e datore di lavoro, esiste il diritto di rivendicare le proprie richieste anche con forme di mobilitazione collettiva. Questo diritto \u00e8 lo sciopero, che pu\u00f2 essere esercitato anche se il datore di lavoro \u00e8 lo Stato.<\/p>\n<p>Alcuni intellettuali, politici, opinionisti, parte della stampa, e non solo ritengono che la presa di posizione di Cgil, Cisl e Uil sia \u00abinopportuna\u00bb in questo momento. La proclamazione dello sciopero non \u00e8 stata fatta a \u00abcuor leggero\u00bb anzi \u00e8 stata una decisione sofferta, nata da un intenso dibattito all\u2019interno del mondo del lavoro pubblico gi\u00e0 da qualche mese.<\/p>\n<p>La libert\u00e0 di pensiero e di espressione nel nostro Paese sono costituzionalmente garantiti, esattamente come il diritto di sciopero. Sono fisiologici i commenti quando ci sono ricadute nell\u2019erogazione dei servizi ma sono inaccettabili e demagogiche le posizioni che mettono in discussione il diritto di sciopero, che ha lo scopo di aprire un confronto per la difesa dei diritti dei lavoratori, a qualunque categoria essi appartengano.<\/p>\n<p>Il 9 dicembre sciopereranno lavoratori che hanno pagato un prezzo altissimo in questa pandemia, lavoratori precari di tutti i settori (circa 350.000), lavoratori che sono sempre pi\u00f9 in affanno perch\u00e9 non riescono pi\u00f9 a sopperire alle gravi carenze di organico che si sono create per effetto di 20 anni di tagli lineari alla spesa pubblica. Basti pensare che nel solo comparto degli enti locali si sono persi 93.000 addetti in 10 anni.<\/p>\n<p>La spesa pubblica complessiva cresce a ritmi spaventosi e gli unici risparmi si sono ottenuti solo con tagli al personale, con enorme danno a cittadinanza e imprese con riduzione dei servizi o esternalizzazioni.<\/p>\n<p>L\u2019ex presidente dell\u2019Inps ha dichiarato che i pubblici dipendenti sono privilegiati e propone di applicare anche a loro la cassa integrazione. A chi applicherebbe la cassa integrazione? Agli operatori sanitari, che sono gi\u00e0 pochi, oppure al personale dell\u2019INPS che sta elaborando le pratiche di cassa integrazione? Applicherebbe la cassa integrazione al personale educativo dei nidi o ai pochi assistenti sociali che in questo momento con abnegazione e passione assistono centinaia di nuove povert\u00e0 sul nostro territorio?\u00a0 Forse questo politico lungimirante, e non solo lui, assegnerebbe la cassa integrazione ai dipendenti dell\u2019Agenzia delle Entrate che garantiscono le entrate del nostro paese anche con il lavoro di lotta all\u2019evasione fiscale? Assegnerebbe la cassa integrazione ai Vigili del Fuoco o la Polizia Locale? Forse i dipendenti comunali o provinciali con le numerose funzioni fondamentali che svolgono per la nostra vita quotidiana? Domande alle quali non occorre dare risposta.<\/p>\n<p>Il 9 dicembre chiederemo con forza, ancora una volta, il rinnovamento della pubblica amministrazione attraverso i necessari e non pi\u00f9 rinviabili investimenti infrastrutturali e tecnologici. Chiederemo investimenti nella formazione e riconoscimento economico delle professionalit\u00e0. Chiederemo nuovamente di attuare un piano straordinario di assunzione del personale in grado di garantire il necessario <em>turn over<\/em> del personale cessato al fine di ridare slancio alla Pa con l\u2019ingresso dei nostri giovani nel mondo del lavoro pubblico. Chiediamo pi\u00f9 sicurezza per lavoratrici e lavoratori, ricordando le vittime e i contagiati.<\/p>\n<p>Gli attacchi alla libert\u00e0 di sciopero sono strumentali e hanno lo scopo di indebolire le nostre rivendicazioni creando divisione e conflitto sociale, proprio quello che \u00e8 stato finora evitato anche grazie al fondamentale contributo dei servizi pubblici a tutti i livelli e in ogni territorio.<\/p>\n<p>Per questi motivi Fp Cgil, Cisl Fp, Uil Fpl, Uil Pa, della provincia di Monza parteciperanno attivamente allo sciopero del 9 dicembre e invitano tutti gli addetti a fare altrettanto non solo per rinnovare la Pa ma per aumentarne il valore in termini di servizi e di qualit\u00e0 a tutela dei cittadini di tutto il nostro Paese.<\/p>\n<p>Non possiamo scendere in piazza ma abbiamo deciso di dare voce alla protesta con un presidio (nel rispetto delle normative dell\u2019emergenza), presso Piazza Trento e Trieste, a Monza, davanti la sede del Comune, dalle 10.00 alle 12.00, durante il quale si terr\u00e0 la conferenza stampa di Cgil, Cisl e Uil..<\/p>\n<p>Ecco perch\u00e9 scioperiamo. <a href=\"https:\/\/www.monzalecco.lombardia.cisl.it\/wp-content\/uploads\/2020\/12\/Leggi-il-nostro-volantino.pdf\">Leggi il nostro volantino<\/a><\/p>\n<p>&nbsp;<\/p>\n","protected":false},"excerpt":{"rendered":"<p>Mercoled\u00ec 9, i lavoratori dei servizi pubblici scioperano per chiedere il rinnovo del contratto nazionale, maggiore sicurezza sui luoghi di lavoro e un rafforzamento degli organici. In concomitanza dello sciopero, a Monza si terr\u00e0 un presidio in piazza Trento e Trieste dalle ore 10 alle 12. Di seguito il comunicato stampa di Fp Cgil, Cisl [&hellip;]<\/p>\n","protected":false},"author":5,"featured_media":8959,"comment_status":"closed","ping_status":"open","sticky":false,"template":"","format":"standard","meta":{"footnotes":""},"categories":[1],"tags":[225,608,203],"class_list":{"0":"post-8956","1":"post","2":"type-post","3":"status-publish","4":"format-standard","5":"has-post-thumbnail","7":"category-notizie","8":"tag-presidio","9":"tag-pubblico-impiego","10":"tag-sciopero","11":"czr-hentry"},"_links":{"self":[{"href":"https:\/\/www.monzalecco.lombardia.cisl.it\/index.php?rest_route=\/wp\/v2\/posts\/8956","targetHints":{"allow":["GET"]}}],"collection":[{"href":"https:\/\/www.monzalecco.lombardia.cisl.it\/index.php?rest_route=\/wp\/v2\/posts"}],"about":[{"href":"https:\/\/www.monzalecco.lombardia.cisl.it\/index.php?rest_route=\/wp\/v2\/types\/post"}],"author":[{"embeddable":true,"href":"https:\/\/www.monzalecco.lombardia.cisl.it\/index.php?rest_route=\/wp\/v2\/users\/5"}],"replies":[{"embeddable":true,"href":"https:\/\/www.monzalecco.lombardia.cisl.it\/index.php?rest_route=%2Fwp%2Fv2%2Fcomments&post=8956"}],"version-history":[{"count":3,"href":"https:\/\/www.monzalecco.lombardia.cisl.it\/index.php?rest_route=\/wp\/v2\/posts\/8956\/revisions"}],"predecessor-version":[{"id":8962,"href":"https:\/\/www.monzalecco.lombardia.cisl.it\/index.php?rest_route=\/wp\/v2\/posts\/8956\/revisions\/8962"}],"wp:featuredmedia":[{"embeddable":true,"href":"https:\/\/www.monzalecco.lombardia.cisl.it\/index.php?rest_route=\/wp\/v2\/media\/8959"}],"wp:attachment":[{"href":"https:\/\/www.monzalecco.lombardia.cisl.it\/index.php?rest_route=%2Fwp%2Fv2%2Fmedia&parent=8956"}],"wp:term":[{"taxonomy":"category","embeddable":true,"href":"https:\/\/www.monzalecco.lombardia.cisl.it\/index.php?rest_route=%2Fwp%2Fv2%2Fcategories&post=8956"},{"taxonomy":"post_tag","embeddable":true,"href":"https:\/\/www.monzalecco.lombardia.cisl.it\/index.php?rest_route=%2Fwp%2Fv2%2Ftags&post=8956"}],"curies":[{"name":"wp","href":"https:\/\/api.w.org\/{rel}","templated":true}]}}