{"id":8986,"date":"2020-12-10T16:01:33","date_gmt":"2020-12-10T15:01:33","guid":{"rendered":"https:\/\/www.monzalecco.lombardia.cisl.it\/?p=8986"},"modified":"2020-12-10T16:02:13","modified_gmt":"2020-12-10T15:02:13","slug":"voss-a-rischio-70-posti-di-lavoro","status":"publish","type":"post","link":"https:\/\/www.monzalecco.lombardia.cisl.it\/?p=8986","title":{"rendered":"Voss, a rischio 70 posti di lavoro"},"content":{"rendered":"<p>Dopo le assemblee in azienda, Fim Cisl, Fiom Cgil, la Rsu e i lavoratori hanno dichiarato lo stato di agitazione alla Voss di Osnago (Lc). La decisione segue la comunicazione dell&#8217;azienda di chiudere la torneria con 70 possibili licenziamenti (di cui 32 donne).<\/p>\n<p>La Voss \u00e8 un&#8217;azienda storica del Lecchese. Fondata nel 1954 con il nome di Larga, nel 2016 \u00e8 stata acquisita dal gruppo Voss. Nelle due realt\u00e0 produttive di Osnago si produce tecnologia idraulica per collegamenti, specializzata nella fornitura anche di sistemi di tubature idrauliche pronte al montaggio.<\/p>\n<p>La propriet\u00e0 vorrebbe chiudere il reparto torneria. \u00abLe organizzazioni sindacali, l&#8217;Rsu e i lavoratori &#8211; \u00e8 scritto in un comunicato firmato da Fim Cisl e Fiom Cgil &#8211; dichiarano inaccettabile la decisione aziendale, proclamano lo stato di agitazione attuato attraverso azioni di protesta con l&#8217;obiettivo di rivedere il progetto di dismissione che prevede la perdita di 70 posti di lavoro. Annunciano che nei prossimi giorni saranno coinvolte le istituzioni locali e provinciali per la salvaguardia dell&#8217;occupazione\u00bb<\/p>\n","protected":false},"excerpt":{"rendered":"<p>Dopo le assemblee in azienda, Fim Cisl, Fiom Cgil, la Rsu e i lavoratori hanno dichiarato lo stato di agitazione alla Voss di Osnago (Lc). La decisione segue la comunicazione dell&#8217;azienda di chiudere la torneria con 70 possibili licenziamenti (di cui 32 donne). La Voss \u00e8 un&#8217;azienda storica del Lecchese. Fondata nel 1954 con il [&hellip;]<\/p>\n","protected":false},"author":5,"featured_media":8987,"comment_status":"closed","ping_status":"open","sticky":false,"template":"","format":"standard","meta":{"footnotes":""},"categories":[1],"tags":[27,609,339],"class_list":{"0":"post-8986","1":"post","2":"type-post","3":"status-publish","4":"format-standard","5":"has-post-thumbnail","7":"category-notizie","8":"tag-fim","9":"tag-osnago","10":"tag-voss","11":"czr-hentry"},"_links":{"self":[{"href":"https:\/\/www.monzalecco.lombardia.cisl.it\/index.php?rest_route=\/wp\/v2\/posts\/8986","targetHints":{"allow":["GET"]}}],"collection":[{"href":"https:\/\/www.monzalecco.lombardia.cisl.it\/index.php?rest_route=\/wp\/v2\/posts"}],"about":[{"href":"https:\/\/www.monzalecco.lombardia.cisl.it\/index.php?rest_route=\/wp\/v2\/types\/post"}],"author":[{"embeddable":true,"href":"https:\/\/www.monzalecco.lombardia.cisl.it\/index.php?rest_route=\/wp\/v2\/users\/5"}],"replies":[{"embeddable":true,"href":"https:\/\/www.monzalecco.lombardia.cisl.it\/index.php?rest_route=%2Fwp%2Fv2%2Fcomments&post=8986"}],"version-history":[{"count":2,"href":"https:\/\/www.monzalecco.lombardia.cisl.it\/index.php?rest_route=\/wp\/v2\/posts\/8986\/revisions"}],"predecessor-version":[{"id":8989,"href":"https:\/\/www.monzalecco.lombardia.cisl.it\/index.php?rest_route=\/wp\/v2\/posts\/8986\/revisions\/8989"}],"wp:featuredmedia":[{"embeddable":true,"href":"https:\/\/www.monzalecco.lombardia.cisl.it\/index.php?rest_route=\/wp\/v2\/media\/8987"}],"wp:attachment":[{"href":"https:\/\/www.monzalecco.lombardia.cisl.it\/index.php?rest_route=%2Fwp%2Fv2%2Fmedia&parent=8986"}],"wp:term":[{"taxonomy":"category","embeddable":true,"href":"https:\/\/www.monzalecco.lombardia.cisl.it\/index.php?rest_route=%2Fwp%2Fv2%2Fcategories&post=8986"},{"taxonomy":"post_tag","embeddable":true,"href":"https:\/\/www.monzalecco.lombardia.cisl.it\/index.php?rest_route=%2Fwp%2Fv2%2Ftags&post=8986"}],"curies":[{"name":"wp","href":"https:\/\/api.w.org\/{rel}","templated":true}]}}