{"id":9079,"date":"2020-12-23T10:18:05","date_gmt":"2020-12-23T09:18:05","guid":{"rendered":"https:\/\/www.monzalecco.lombardia.cisl.it\/?p=9079"},"modified":"2020-12-23T16:13:51","modified_gmt":"2020-12-23T15:13:51","slug":"lad-di-voss-investe-andrea-donega","status":"publish","type":"post","link":"https:\/\/www.monzalecco.lombardia.cisl.it\/?p=9079","title":{"rendered":"L&#8217;ad di Voss investe Andrea Doneg\u00e0"},"content":{"rendered":"<p>La situazione di fronte ai cancelli della Voss di Osnago \u00e8 precipitata. Questa mattina l&#8217;amministratore delegato ha cercato di forzare il picchetto di fronte allo stabilimento. Alla richiesta di lasciare la macchina fuori e di entrare a piedi, ha reagito provando ad avanzare con l&#8217;auto. Nel farlo, ha investito Andrea Doneg\u00e0, segretario regionale della Fim Cisl Lombardia.<\/p>\n<p>Doneg\u00e0 \u00e8 stato portato in ospedale con l&#8217;ambulanza per accertamenti all&#8217;Ospedale di Merate (Lecco) e poi dimesso. Il sindacalista riferisce che, al presidio dei lavoratori in corso davanti all&#8217;azienda, si \u00e8 prima recato un consulente dell&#8217;azienda \u00abvelocissimo in auto, rischiando di investire due lavoratrici\u00bb. \u00abCon un&#8217;arroganza inaudita \u2013 prosegue il racconto Doneg\u00e0 &#8211; ha inveito contro i lavoratori con tono minaccioso dicendo \u201cvedrete tra qualche ora come dovrete vergognarvi\u201d\u00bb. \u00abPoi \u00e8 arrivato l&#8217;amministratore delegato \u2013 ha aggiunto il sindacalista &#8211; che ha iniziato a urlare che dovevamo vergognarci, inveendo con insulti pesantissimi contro i lavoratori e i sindacalisti\u00bb. \u00abHa accelerato investendomi e facendomi cadere \u2013 \u00e8 il racconto di Doneg\u00e0 \u2013 Fortunatamente le persone lo hanno fermato\u00bb. Il presidio, spiega la Fim-Cisl, proseguir\u00e0 anche a Natale, con la solidariet\u00e0 degli abitanti di Osnago che hanno annunciato di voler preparare il pranzo del 25 dicembre per i lavoratori in protesta.<\/p>\n<p>\u00abPer fortuna non sono state riscontrate fratture \u2013 spiega Enrico Vacca, segretario generale Fim Cisl Mbl -, ma solo un forte choc. Come sindacato condanniamo l&#8217;azione dell&#8217;amministratore delegato. Un gesto che si commenta da solo e di fronte al quale non possiamo che rispondere con una maggiore determinazione nel difendere i diritti dei 70 lavoratori che rischiano di perdere il posto\u00bb.<\/p>\n<p>\u00abQuanto \u00e8 accaduto questa mattina alla Voss Fluid di Osnago in provincia di Lecco \u00e8 un fatto di una gravit\u00e0 inaudita\u00bb che riporta \u00abindietro di secoli l&#8217;orologio delle relazioni industriali\u00bb, dichiarano in una nota congiunta la segretaria generale della Cisl ,Annamaria Furlan, e il segretario generale della Fim Cisl, Roberto Benaglia. \u00abIl segretario generale della Fim Cisl Lombardia, Andrea Doneg\u00e0, \u00e8 stato investito dall&#8217;ad di questa azienda, Socrate Rossi, dopo che lo stesso aveva inveito e insultato pesantemente i lavoratori ed i sindacalisti in presidio fuori i cancelli della fabbrica. Un gesto davvero grave e inaccettabile che poteva avere conseguenze irreparabili\u00bb.<\/p>\n<p>L&#8217;azienda produttrice di componenti per macchine di movimento terra \u00e8 stata acquisita dai tedeschi di Voss nel 2016. Da allora, non c&#8217;\u00e8 stato alcun investimento n\u00e9 sulle persone n\u00e9 sui macchinari, fino ad arrivare all&#8217;epilogo il 10 dicembre scorso, quando i vertici aziendali hanno annunciato il licenziamento di tutti i 70 lavoratori il 31 dicembre prossimo senza accogliere nessuna richiesta di apertura di negoziato per gestire la crisi.<\/p>\n<p>\u00abDa allora un presidio di lavoratori e sindacalisti si trova notte e giorno fuori dai cancelli della fabbrica &#8211; continua la nota congiunta -. Quanto accaduto questa mattina riporta indietro di secoli l&#8217;orologio delle relazioni industriali, con atteggiamenti incivili e violenti che la Cisl e la Fim Cisl condannano fermamente. Ci aspettiamo sulla vicenda i doverosi accertamenti delle autorit\u00e0 giudiziarie oltre che una netta presa di distanza e condanna da parte delle organizzazioni datoriali. Atteggiamenti di sfida al sindacato ed ai lavoratori come quello accaduto questa mattina fuori i cancelli di Voss oltre ad essere gravissimi alimentano un clima di tensione di cui francamente in questo momento il nostro paese non ha proprio bisogno. C&#8217;\u00e8 la necessit\u00e0 di rimettere e mantenere i livelli delle relazioni industriali anche in situazioni di grande tensione come quelle di una vertenza complicata come quella di Voss dentro un alveo di civilt\u00e0, legalit\u00e0, dialogo e reciproco rispetto\u00bb.<\/p>\n","protected":false},"excerpt":{"rendered":"<p>La situazione di fronte ai cancelli della Voss di Osnago \u00e8 precipitata. Questa mattina l&#8217;amministratore delegato ha cercato di forzare il picchetto di fronte allo stabilimento. Alla richiesta di lasciare la macchina fuori e di entrare a piedi, ha reagito provando ad avanzare con l&#8217;auto. Nel farlo, ha investito Andrea Doneg\u00e0, segretario regionale della Fim [&hellip;]<\/p>\n","protected":false},"author":5,"featured_media":9019,"comment_status":"closed","ping_status":"open","sticky":false,"template":"","format":"standard","meta":{"footnotes":""},"categories":[1],"tags":[27,609,339],"class_list":{"0":"post-9079","1":"post","2":"type-post","3":"status-publish","4":"format-standard","5":"has-post-thumbnail","7":"category-notizie","8":"tag-fim","9":"tag-osnago","10":"tag-voss","11":"czr-hentry"},"_links":{"self":[{"href":"https:\/\/www.monzalecco.lombardia.cisl.it\/index.php?rest_route=\/wp\/v2\/posts\/9079","targetHints":{"allow":["GET"]}}],"collection":[{"href":"https:\/\/www.monzalecco.lombardia.cisl.it\/index.php?rest_route=\/wp\/v2\/posts"}],"about":[{"href":"https:\/\/www.monzalecco.lombardia.cisl.it\/index.php?rest_route=\/wp\/v2\/types\/post"}],"author":[{"embeddable":true,"href":"https:\/\/www.monzalecco.lombardia.cisl.it\/index.php?rest_route=\/wp\/v2\/users\/5"}],"replies":[{"embeddable":true,"href":"https:\/\/www.monzalecco.lombardia.cisl.it\/index.php?rest_route=%2Fwp%2Fv2%2Fcomments&post=9079"}],"version-history":[{"count":3,"href":"https:\/\/www.monzalecco.lombardia.cisl.it\/index.php?rest_route=\/wp\/v2\/posts\/9079\/revisions"}],"predecessor-version":[{"id":9090,"href":"https:\/\/www.monzalecco.lombardia.cisl.it\/index.php?rest_route=\/wp\/v2\/posts\/9079\/revisions\/9090"}],"wp:featuredmedia":[{"embeddable":true,"href":"https:\/\/www.monzalecco.lombardia.cisl.it\/index.php?rest_route=\/wp\/v2\/media\/9019"}],"wp:attachment":[{"href":"https:\/\/www.monzalecco.lombardia.cisl.it\/index.php?rest_route=%2Fwp%2Fv2%2Fmedia&parent=9079"}],"wp:term":[{"taxonomy":"category","embeddable":true,"href":"https:\/\/www.monzalecco.lombardia.cisl.it\/index.php?rest_route=%2Fwp%2Fv2%2Fcategories&post=9079"},{"taxonomy":"post_tag","embeddable":true,"href":"https:\/\/www.monzalecco.lombardia.cisl.it\/index.php?rest_route=%2Fwp%2Fv2%2Ftags&post=9079"}],"curies":[{"name":"wp","href":"https:\/\/api.w.org\/{rel}","templated":true}]}}