{"id":9081,"date":"2020-12-23T10:42:49","date_gmt":"2020-12-23T09:42:49","guid":{"rendered":"https:\/\/www.monzalecco.lombardia.cisl.it\/?p=9081"},"modified":"2020-12-23T10:43:35","modified_gmt":"2020-12-23T09:43:35","slug":"i-lavoratori-voss-grazie-a-chi-ci-e-vicino","status":"publish","type":"post","link":"https:\/\/www.monzalecco.lombardia.cisl.it\/?p=9081","title":{"rendered":"I lavoratori Voss: \u00abGrazie a chi ci \u00e8 vicino\u00bb"},"content":{"rendered":"<p>\u00abGrazie!\u00bb. \u00c8 la parola che spicca nella lettera che i lavoratori della Voss hanno indirizzato a tutti coloro che li stanno aiutando. Dal sindaco di Osnago e gli assessori della sua Giunta, che hanno visitato il presidio in via Stoppani, a Fim Cisl e Fiom Cgil, che li stanno sostenendo nella vertenza. Dal circolo Arci, che fornisce i pasti caldi, alle forze dell&#8217;ordine, che stanno facendo rispettare la legge con umanit\u00e0. Dai pensionati della ex Larga, che portano la loro solidariet\u00e0, ai lavoratori delle altre aziende, che stanno loro vicino.<\/p>\n<p>Una solidariet\u00e0 che scalda il cuore, ma che non smorza l&#8217;amarezza per la decisione dell&#8217;azienda di chiudere il sito di via Stoppani lasciando a casa 70 dipendenti, la maggioranza donne e non giovani (\u00ababbiamo 20 anni per gamba (almeno)\u00bb). Una decisione, quella della dirigenza, che era nell&#8217;aria. \u00abDa mesi ormai (luglio 2020) \u2013 \u00e8 scritto nella lettera &#8211; i materiali erano spediti in Germania alla casa madre invece che ai clienti, e con quanta fretta! Questo creava non pochi sospetti. Noi lavoravamo, ci speravamo, ma non potevamo non pensarci. Un po&#8217; come i bambini quando vedono che i pacchi regalo sotto l&#8217;albero sono tutti incartati con la carta regalo che hanno visto 365 giorni l&#8217;anno sul mobile della camera di mamma e pap\u00e0&#8230; \u00e8 un grosso indizio, ma non ci vuoi credere\u00bb. I lavoratori non hanno smesso di sperare. Anche rassicurati dai loro dirigenti. \u00abCi dobbiamo preoccupare?\u00bb, chiedevano ai manager. La risposta era sempre la stessa: \u00abMa va, figurati. Se fosse cos\u00ec sarei il primo ad andarmene\u00bb.<\/p>\n<p>La risposta \u00e8 arrivata dai fatti: l&#8217;annuncio dei licenziamenti e della chiusura. \u00abUn prete alcuni anni fa disse: \u201cGes\u00f9 si manifesta in simboli umili e indifese [&#8230;]\u201d quello spirito di umanit\u00e0 cos\u00ec potente di cui parlava il sacerdote ora lo comprendiamo: \u00e8 ci\u00f2 che ha spinto tutti a sostenerci, a difenderci contro l&#8217;ingiustizia e la prevaricazione, quello spirito che \u00e8 Amore, di cui parla la nostra tradizione cristiana, ed \u00e8 il combustibile che ci ha regalato la solidariet\u00e0 di cos\u00ec tante persone\u00bb. E che aiuter\u00e0 i lavoratori della Voss a continuare la loro battaglia per difendere il posto di lavoro.<\/p>\n","protected":false},"excerpt":{"rendered":"<p>\u00abGrazie!\u00bb. \u00c8 la parola che spicca nella lettera che i lavoratori della Voss hanno indirizzato a tutti coloro che li stanno aiutando. Dal sindaco di Osnago e gli assessori della sua Giunta, che hanno visitato il presidio in via Stoppani, a Fim Cisl e Fiom Cgil, che li stanno sostenendo nella vertenza. Dal circolo Arci, [&hellip;]<\/p>\n","protected":false},"author":5,"featured_media":8886,"comment_status":"closed","ping_status":"open","sticky":false,"template":"","format":"standard","meta":{"footnotes":""},"categories":[1],"tags":[27,609,339],"class_list":{"0":"post-9081","1":"post","2":"type-post","3":"status-publish","4":"format-standard","5":"has-post-thumbnail","7":"category-notizie","8":"tag-fim","9":"tag-osnago","10":"tag-voss","11":"czr-hentry"},"_links":{"self":[{"href":"https:\/\/www.monzalecco.lombardia.cisl.it\/index.php?rest_route=\/wp\/v2\/posts\/9081","targetHints":{"allow":["GET"]}}],"collection":[{"href":"https:\/\/www.monzalecco.lombardia.cisl.it\/index.php?rest_route=\/wp\/v2\/posts"}],"about":[{"href":"https:\/\/www.monzalecco.lombardia.cisl.it\/index.php?rest_route=\/wp\/v2\/types\/post"}],"author":[{"embeddable":true,"href":"https:\/\/www.monzalecco.lombardia.cisl.it\/index.php?rest_route=\/wp\/v2\/users\/5"}],"replies":[{"embeddable":true,"href":"https:\/\/www.monzalecco.lombardia.cisl.it\/index.php?rest_route=%2Fwp%2Fv2%2Fcomments&post=9081"}],"version-history":[{"count":1,"href":"https:\/\/www.monzalecco.lombardia.cisl.it\/index.php?rest_route=\/wp\/v2\/posts\/9081\/revisions"}],"predecessor-version":[{"id":9082,"href":"https:\/\/www.monzalecco.lombardia.cisl.it\/index.php?rest_route=\/wp\/v2\/posts\/9081\/revisions\/9082"}],"wp:featuredmedia":[{"embeddable":true,"href":"https:\/\/www.monzalecco.lombardia.cisl.it\/index.php?rest_route=\/wp\/v2\/media\/8886"}],"wp:attachment":[{"href":"https:\/\/www.monzalecco.lombardia.cisl.it\/index.php?rest_route=%2Fwp%2Fv2%2Fmedia&parent=9081"}],"wp:term":[{"taxonomy":"category","embeddable":true,"href":"https:\/\/www.monzalecco.lombardia.cisl.it\/index.php?rest_route=%2Fwp%2Fv2%2Fcategories&post=9081"},{"taxonomy":"post_tag","embeddable":true,"href":"https:\/\/www.monzalecco.lombardia.cisl.it\/index.php?rest_route=%2Fwp%2Fv2%2Ftags&post=9081"}],"curies":[{"name":"wp","href":"https:\/\/api.w.org\/{rel}","templated":true}]}}