{"id":9114,"date":"2020-12-29T16:11:11","date_gmt":"2020-12-29T15:11:11","guid":{"rendered":"https:\/\/www.monzalecco.lombardia.cisl.it\/?p=9114"},"modified":"2020-12-29T16:31:34","modified_gmt":"2020-12-29T15:31:34","slug":"voss-lazienda-diserta-gli-incontri","status":"publish","type":"post","link":"https:\/\/www.monzalecco.lombardia.cisl.it\/?p=9114","title":{"rendered":"Voss, l&#8217;azienda diserta gli incontri"},"content":{"rendered":"<p><iframe loading=\"lazy\" title=\"Conferenza stampa Voss Osnago\" width=\"1140\" height=\"641\" src=\"https:\/\/www.youtube.com\/embed\/4ltkkp0JFac?feature=oembed\" frameborder=\"0\" allow=\"accelerometer; autoplay; clipboard-write; encrypted-media; gyroscope; picture-in-picture\" allowfullscreen><\/iframe><\/p>\n<p><em>Intervento alla conferenza stampa a Osnago di Mirco Scaccabarozzi, segretario generale Cisl Mbl<\/em><\/p>\n<p>&nbsp;<\/p>\n<p>Dopo aver disertato l\u2019incontro della scorsa settimana nella sede della Provincia di Lecco, i dirigenti della Voss non si sono presentati neppure all\u2019incontro previsto oggi in Regione Lombardia per aprire una trattativa sul licenziamento di 70 dipendenti del reparto di tornitura (l\u2019azienda produce componenti idraulici).<\/p>\n<p>\u00abLa propriet\u00e0 &#8211; spiega Eliana Dell\u2019Acqua, Fim Cisl Mbl &#8211; non ha inviato alcun rappresentante all\u2019incontro a Milano. Ha solo comunicato di aver nominato un legale per seguire la vertenza. Anche questo avvocato ha per\u00f2 detto di non essere disponibile a un incontro con le controparti dopo il 4 gennaio\u00bb.<\/p>\n<p>La Provincia di Lecco fisser\u00e0 un nuovo incontro il 4 o il 5 gennaio, mentre la Regione Lombardia ne ha gi\u00e0 stabilito un altro il 7. \u00abNoi ci saremo in entrambe le occasioni, come ci siamo sempre stati &#8211; osserva Eliana -. La nostra speranza \u00e8 che anche la societ\u00e0 invii un proprio rappresentante e si avvii una trattativa seria\u00bb.<\/p>\n<p>Nel frattempo continua il presidio davanti ai cancelli dello stabilimento di via Stoppani a Osnago. E continuano anche le tensioni con la dirigenza. La scorsa settimana, l\u2019amministratore delegato della Voss aveva tentato di investire con l\u2019auto Andrea Doneg\u00e0, segretario generale della Fim Cisl Lombradia (incidente per il quale Doneg\u00e0 ha presentato regolare denuncia). Oggi, un consulente aziendale \u00e8 arrivato al presidio e, secondo fonti sindacali, ha provocato i lavoratori. \u00abIl consulente ha parcheggiato la macchina davanti ai cancelli e ha iniziato a fotografare le persone presenti al presidio &#8211; conclude Eliana Dell\u2019Acqua -. Per evitare incidenti abbiamo segnalato il fatto alle forze dell\u2019ordine. Non accettiamo pi\u00f9 di essere oggetto di provocazioni. Abbiamo il diritto di protestare in difesa dei posti di lavoro\u00bb.<\/p>\n","protected":false},"excerpt":{"rendered":"<p>Intervento alla conferenza stampa a Osnago di Mirco Scaccabarozzi, segretario generale Cisl Mbl &nbsp; Dopo aver disertato l\u2019incontro della scorsa settimana nella sede della Provincia di Lecco, i dirigenti della Voss non si sono presentati neppure all\u2019incontro previsto oggi in Regione Lombardia per aprire una trattativa sul licenziamento di 70 dipendenti del reparto di tornitura [&hellip;]<\/p>\n","protected":false},"author":5,"featured_media":9115,"comment_status":"closed","ping_status":"open","sticky":false,"template":"","format":"standard","meta":{"footnotes":""},"categories":[1],"tags":[27,609,339],"class_list":{"0":"post-9114","1":"post","2":"type-post","3":"status-publish","4":"format-standard","5":"has-post-thumbnail","7":"category-notizie","8":"tag-fim","9":"tag-osnago","10":"tag-voss","11":"czr-hentry"},"_links":{"self":[{"href":"https:\/\/www.monzalecco.lombardia.cisl.it\/index.php?rest_route=\/wp\/v2\/posts\/9114","targetHints":{"allow":["GET"]}}],"collection":[{"href":"https:\/\/www.monzalecco.lombardia.cisl.it\/index.php?rest_route=\/wp\/v2\/posts"}],"about":[{"href":"https:\/\/www.monzalecco.lombardia.cisl.it\/index.php?rest_route=\/wp\/v2\/types\/post"}],"author":[{"embeddable":true,"href":"https:\/\/www.monzalecco.lombardia.cisl.it\/index.php?rest_route=\/wp\/v2\/users\/5"}],"replies":[{"embeddable":true,"href":"https:\/\/www.monzalecco.lombardia.cisl.it\/index.php?rest_route=%2Fwp%2Fv2%2Fcomments&post=9114"}],"version-history":[{"count":3,"href":"https:\/\/www.monzalecco.lombardia.cisl.it\/index.php?rest_route=\/wp\/v2\/posts\/9114\/revisions"}],"predecessor-version":[{"id":9118,"href":"https:\/\/www.monzalecco.lombardia.cisl.it\/index.php?rest_route=\/wp\/v2\/posts\/9114\/revisions\/9118"}],"wp:featuredmedia":[{"embeddable":true,"href":"https:\/\/www.monzalecco.lombardia.cisl.it\/index.php?rest_route=\/wp\/v2\/media\/9115"}],"wp:attachment":[{"href":"https:\/\/www.monzalecco.lombardia.cisl.it\/index.php?rest_route=%2Fwp%2Fv2%2Fmedia&parent=9114"}],"wp:term":[{"taxonomy":"category","embeddable":true,"href":"https:\/\/www.monzalecco.lombardia.cisl.it\/index.php?rest_route=%2Fwp%2Fv2%2Fcategories&post=9114"},{"taxonomy":"post_tag","embeddable":true,"href":"https:\/\/www.monzalecco.lombardia.cisl.it\/index.php?rest_route=%2Fwp%2Fv2%2Ftags&post=9114"}],"curies":[{"name":"wp","href":"https:\/\/api.w.org\/{rel}","templated":true}]}}