{"id":9119,"date":"2020-12-30T10:40:59","date_gmt":"2020-12-30T09:40:59","guid":{"rendered":"https:\/\/www.monzalecco.lombardia.cisl.it\/?p=9119"},"modified":"2020-12-30T10:40:20","modified_gmt":"2020-12-30T09:40:20","slug":"voss-intervenga-il-consolato-tedesco","status":"publish","type":"post","link":"https:\/\/www.monzalecco.lombardia.cisl.it\/?p=9119","title":{"rendered":"\u00abVoss, il consolato tedesco ci aiuti\u00bb"},"content":{"rendered":"<p><strong>Dopo la lettera inviata al sindacato tedesco Ig Metall, la Fim Cisl ne ha inviata un&#8217;altra al Console generale della Repubblica federale di Germania a Milano. L&#8217;obiettivo \u00e8 fare pressioni sulla propriet\u00e0 della Voss affinch\u00e9 si giunga a una trattativa sulla vertenza che vede coinvolti 70 dipendenti dello stabilimento di Osnago.<\/strong><\/p>\n<p>Abbiamo l\u2019onore di rivolgerci a lei per informarla e coinvolgerla circa la grave situazione che stiamo registrando presso to stabilimento Voss Fluid (appartenente a VOSS Fluid GmbH- L\u00fcdenscheider Str. S2- S4\/51688 Wipperf\u00fcrth Germany) di Osnago net quale sono occupati 70 lavoratori in lavorazioni meccaniche legate aII&#8217;automotive.<\/p>\n<p>Dal 10 dicembre i responsabili aziendali italiani hanno non solo annunciato la chiusura per fine dicembre della produzione, ma anche il trasferimento dei macchinari in Polonia, rifiutando qualsiasi confronto e negoziato con il sindacato dei metalmeccan\u00eeci.<\/p>\n<p>La direzione italiana non si \u00e8 resa nemmeno disponibile a partecipare alle convocazioni che le autorit\u00e0 pubbliche hanno organizzato per cercare una soluzione contra la perdita di 70 posti di lavoro.<\/p>\n<p>Ancora pi\u00f9 grave \u00e8 il fatto che i dirigenti aziendali stiano tenendo un atteggiamento provocatorio nei confronti dei lavoratori e dei sindacalisti che stanno presidiando l&#8217;azienda per evitare il trasferimento dei macchinari. Addirittura, il nostro segretario generale della Fim Lombardia, Andrea Doneg\u00e0, \u00e8 stato investito daII&#8217;amministratore delegato con la sua auto in un momento di tensione creato dallo stesso dirigente.<\/p>\n<p>Riteniamo tutto ci\u00f2 assai grave in generale, e soprattutto se legato alia vita di una multin\u0105zionale che dovrebbe garantire regole di dialogo sociale costruttive.<br \/>\nLe chiediamo se \u00e8 possibile da parte sua poter intervenire sui vertici della casamadre, affinch\u00e9 venga al pi\u00f9 presto ripristinato un atteggiamento di dialogo e di confronto civile e rispettoso del ruolo del sindacato e dei lavoratori, anche al fine di individuare soluzioni alternative alla chiusura, che possano mantenere l&#8217;oocupazione in questo momento grave per l&#8217;intera economia.<\/p>\n<p>Ringraziandola fin d&#8217;or\u0105 per tutta la cooperazione che verr\u00e0 messa in campo, La preghiamo di accogliere i nostri fraterni saluti.<\/p>\n<p><strong><em>Roberto Benagl\u00eea<\/em><\/strong><br \/>\n<em>Segretario generale Fim Cisl<\/em><\/p>\n<p><strong><em>Barbara Arsieni<\/em><\/strong><br \/>\n<em>Responsabile Ufficio Internazionale Fim Cisl<\/em><\/p>\n<p>&nbsp;<\/p>\n","protected":false},"excerpt":{"rendered":"<p>Dopo la lettera inviata al sindacato tedesco Ig Metall, la Fim Cisl ne ha inviata un&#8217;altra al Console generale della Repubblica federale di Germania a Milano. L&#8217;obiettivo \u00e8 fare pressioni sulla propriet\u00e0 della Voss affinch\u00e9 si giunga a una trattativa sulla vertenza che vede coinvolti 70 dipendenti dello stabilimento di Osnago. Abbiamo l\u2019onore di rivolgerci [&hellip;]<\/p>\n","protected":false},"author":5,"featured_media":9120,"comment_status":"closed","ping_status":"open","sticky":false,"template":"","format":"standard","meta":{"footnotes":""},"categories":[1],"tags":[27,609,339],"class_list":{"0":"post-9119","1":"post","2":"type-post","3":"status-publish","4":"format-standard","5":"has-post-thumbnail","7":"category-notizie","8":"tag-fim","9":"tag-osnago","10":"tag-voss","11":"czr-hentry"},"_links":{"self":[{"href":"https:\/\/www.monzalecco.lombardia.cisl.it\/index.php?rest_route=\/wp\/v2\/posts\/9119","targetHints":{"allow":["GET"]}}],"collection":[{"href":"https:\/\/www.monzalecco.lombardia.cisl.it\/index.php?rest_route=\/wp\/v2\/posts"}],"about":[{"href":"https:\/\/www.monzalecco.lombardia.cisl.it\/index.php?rest_route=\/wp\/v2\/types\/post"}],"author":[{"embeddable":true,"href":"https:\/\/www.monzalecco.lombardia.cisl.it\/index.php?rest_route=\/wp\/v2\/users\/5"}],"replies":[{"embeddable":true,"href":"https:\/\/www.monzalecco.lombardia.cisl.it\/index.php?rest_route=%2Fwp%2Fv2%2Fcomments&post=9119"}],"version-history":[{"count":2,"href":"https:\/\/www.monzalecco.lombardia.cisl.it\/index.php?rest_route=\/wp\/v2\/posts\/9119\/revisions"}],"predecessor-version":[{"id":9124,"href":"https:\/\/www.monzalecco.lombardia.cisl.it\/index.php?rest_route=\/wp\/v2\/posts\/9119\/revisions\/9124"}],"wp:featuredmedia":[{"embeddable":true,"href":"https:\/\/www.monzalecco.lombardia.cisl.it\/index.php?rest_route=\/wp\/v2\/media\/9120"}],"wp:attachment":[{"href":"https:\/\/www.monzalecco.lombardia.cisl.it\/index.php?rest_route=%2Fwp%2Fv2%2Fmedia&parent=9119"}],"wp:term":[{"taxonomy":"category","embeddable":true,"href":"https:\/\/www.monzalecco.lombardia.cisl.it\/index.php?rest_route=%2Fwp%2Fv2%2Fcategories&post=9119"},{"taxonomy":"post_tag","embeddable":true,"href":"https:\/\/www.monzalecco.lombardia.cisl.it\/index.php?rest_route=%2Fwp%2Fv2%2Ftags&post=9119"}],"curies":[{"name":"wp","href":"https:\/\/api.w.org\/{rel}","templated":true}]}}