{"id":9125,"date":"2020-12-30T11:08:40","date_gmt":"2020-12-30T10:08:40","guid":{"rendered":"https:\/\/www.monzalecco.lombardia.cisl.it\/?p=9125"},"modified":"2020-12-30T11:14:14","modified_gmt":"2020-12-30T10:14:14","slug":"grave-lassenza-della-voss-in-regione","status":"publish","type":"post","link":"https:\/\/www.monzalecco.lombardia.cisl.it\/?p=9125","title":{"rendered":"\u00abGrave l&#8217;assenza della Voss in regione\u00bb"},"content":{"rendered":"<p>da <a href=\"http:\/\/www.lecconotizie.com\">www.lecconotizie.com<\/a><\/p>\n<p>Mettere in campo tutte le azioni per iniziare le interlocuzioni anche con la casa madre tedesca di Voss. E, allo stesso tempo, coinvolgere anche il Ministero dello Sviluppo economico. Sono le richieste avanzate dal consigliere regionale Mauro Piazza in merito alla crisi della Voss di Osnago, dopo che marted\u00ec, 29 dicembre, in IV Commissione del Consiglio regionale lombardo vi \u00e8 stata l\u2019audizione dell\u2019azienda Voss Fluid di Osnago con la presenza degli enti locali e delle associazioni sindacali e datoriali coinvolti, in merito alla conseguente crisi occupazionale dovuta alla cessazione dell\u2019attivit\u00e0 del sito in via Stoppani che il management dell\u2019azienda ha annunciato lo scorso 4 dicembre.<\/p>\n<p>\u201cL\u2019assenza della propriet\u00e0 dell\u2019azienda, annunciata tramite mail, alla seduta odierna \u00e8 un fatto grave, che dimostra una mancanza di rispetto nei confronti sia dei lavoratori che nell\u2019istituzione regionale che ha mostrato un\u2019attenzione particolare verso la situazione della Voss di Osnago convocando una seduta urgente della IV Commissione, grazie anche all\u2019interessamento degli esponenti lecchesi eletti in Regione &#8211; dichiara il consigliere regionale Mauro Piazza. Voss Osnago -. Attivare il dialogo con la casa madre tedesca e con il Ministero per cercare di trovare una soluzione a questa crisi, tutti gli attori devono essere propensi a essere parti attive e capaci di mettersi al tavolo delle trattative per tutelare il pi\u00f9 possibile le persone che lavorano nell\u2019azienda, la cui salvaguardia deve essere la priorit\u00e0 per tutti, soprattutto per le conseguenti gravi ricadute sociali che la cessazione di attivit\u00e0 comporterebbe e che sarebbero ancora pi\u00f9 gravi nel periodo di pandemia che stiamo vivendo\u201d.<\/p>\n<p>Prosegue Piazza: &#8220;I tavoli istituzionali multilaterali, come quello convocato a palazzo Pirelli servono proprio per affrontare i problemi pi\u00f9 urgenti e verificare le disponibilit\u00e0 a risolverli da parte degli attori in causa alla luce soprattutto del fatto che al momento e fino ai termini previsti di legge vigenti l\u2019azienda non pu\u00f2 licenziare nessuno; un semplice rimando, come quello presentato nella mail di oggi da parte della propriet\u00e0 a disponibilit\u00e0 a partecipare a incontri successivi al 04 gennaio 2021, dopo essersi negati in tutti quelli precedentemente convocati, sono promesse che andremo a verificare con un\u2019ulteriore audizione che la IV Commissione ha gi\u00e0 deliberato di calendarizzare il Voss Osnago,<\/p>\n<p>\u201cA differenza di altre crisi che abbiamo visto &#8211; conclude Piazza -, vi \u00e8 purtroppo al momento una precisa volont\u00e0 di chiusura aziendale, per questo Regione Lombardia \u00e8 pronta a mettere in campo tutte le azioni per iniziare le interlocuzioni anche con la casa madre tedesca di Voss. Allo stesso tempo nel dialogo tra le parti ritengo sia importante coinvolgere anche il Ministero dello Sviluppo economi, l\u2019ente con pi\u00f9 strumenti a disposizione per la tutela dei lavoratori nella vertenza, che come dichiarato dell\u2019Onorevole Fragomeli avrebbe gi\u00e0 sul tavolo il dossier che riguarda l\u2019azienda di Osnago\u201d..<\/p>\n","protected":false},"excerpt":{"rendered":"<p>da www.lecconotizie.com Mettere in campo tutte le azioni per iniziare le interlocuzioni anche con la casa madre tedesca di Voss. E, allo stesso tempo, coinvolgere anche il Ministero dello Sviluppo economico. Sono le richieste avanzate dal consigliere regionale Mauro Piazza in merito alla crisi della Voss di Osnago, dopo che marted\u00ec, 29 dicembre, in IV [&hellip;]<\/p>\n","protected":false},"author":5,"featured_media":4819,"comment_status":"closed","ping_status":"open","sticky":false,"template":"","format":"standard","meta":{"footnotes":""},"categories":[1],"tags":[27,609,339],"class_list":{"0":"post-9125","1":"post","2":"type-post","3":"status-publish","4":"format-standard","5":"has-post-thumbnail","7":"category-notizie","8":"tag-fim","9":"tag-osnago","10":"tag-voss","11":"czr-hentry"},"_links":{"self":[{"href":"https:\/\/www.monzalecco.lombardia.cisl.it\/index.php?rest_route=\/wp\/v2\/posts\/9125","targetHints":{"allow":["GET"]}}],"collection":[{"href":"https:\/\/www.monzalecco.lombardia.cisl.it\/index.php?rest_route=\/wp\/v2\/posts"}],"about":[{"href":"https:\/\/www.monzalecco.lombardia.cisl.it\/index.php?rest_route=\/wp\/v2\/types\/post"}],"author":[{"embeddable":true,"href":"https:\/\/www.monzalecco.lombardia.cisl.it\/index.php?rest_route=\/wp\/v2\/users\/5"}],"replies":[{"embeddable":true,"href":"https:\/\/www.monzalecco.lombardia.cisl.it\/index.php?rest_route=%2Fwp%2Fv2%2Fcomments&post=9125"}],"version-history":[{"count":2,"href":"https:\/\/www.monzalecco.lombardia.cisl.it\/index.php?rest_route=\/wp\/v2\/posts\/9125\/revisions"}],"predecessor-version":[{"id":9127,"href":"https:\/\/www.monzalecco.lombardia.cisl.it\/index.php?rest_route=\/wp\/v2\/posts\/9125\/revisions\/9127"}],"wp:featuredmedia":[{"embeddable":true,"href":"https:\/\/www.monzalecco.lombardia.cisl.it\/index.php?rest_route=\/wp\/v2\/media\/4819"}],"wp:attachment":[{"href":"https:\/\/www.monzalecco.lombardia.cisl.it\/index.php?rest_route=%2Fwp%2Fv2%2Fmedia&parent=9125"}],"wp:term":[{"taxonomy":"category","embeddable":true,"href":"https:\/\/www.monzalecco.lombardia.cisl.it\/index.php?rest_route=%2Fwp%2Fv2%2Fcategories&post=9125"},{"taxonomy":"post_tag","embeddable":true,"href":"https:\/\/www.monzalecco.lombardia.cisl.it\/index.php?rest_route=%2Fwp%2Fv2%2Ftags&post=9125"}],"curies":[{"name":"wp","href":"https:\/\/api.w.org\/{rel}","templated":true}]}}