{"id":9154,"date":"2021-01-05T17:27:22","date_gmt":"2021-01-05T16:27:22","guid":{"rendered":"https:\/\/www.monzalecco.lombardia.cisl.it\/?p=9154"},"modified":"2021-01-05T18:31:52","modified_gmt":"2021-01-05T17:31:52","slug":"voss-prime-aperture-della-proprieta","status":"publish","type":"post","link":"https:\/\/www.monzalecco.lombardia.cisl.it\/?p=9154","title":{"rendered":"\u00abVoss, lo stabilimento non si tocca\u00bb"},"content":{"rendered":"<p>La propriet\u00e0 della Voss di Osnago si \u00e8 presentata oggi al tavolo delle trattativa nella sede della Provincia di Lecco. E questa \u00e8 una notizia dopo che, per giorni, i dirigenti avevano rifiutato il confronto. I presupposti della trattativa, per\u00f2, secondo il sindacato non sono corretti. \u00abLa presenza al tavolo &#8211; spiega Eliana Dell\u2019Acqua, Fim Cisl Mbl -. \u00e8 positiva anche se \u00e8 il frutto di grandi pressioni da parte delle istituzioni e del sindacato. Non possiamo per\u00f2 accettare che si parli di smantellamento dello stabilimento e di licenziamento dei lavoratori e delle lavoratrici\u00bb.<\/p>\n<p>La propriet\u00e0 ha chiesto, in via preliminare, la possibilit\u00e0 di portare via i macchinari dalla fabbrica. \u00abNoi, come sindacato, abbiamo risposto che lavoriamo per salvare i posti di lavoro e quindi che lo stabilimento deve rimanere dov&#8217;\u00e8 e non deve essere in alcun modo svuotato da macchinari e materiali &#8211; continua Eliana Dell&#8217;Acqua -. Vogliamo che siano messe in campo tutte le opportunit\u00e0 che diano un futuro occupazionale. Compresa una possibile reindustrializzazione dell\u2019area\u00bb.<\/p>\n<p>Il 7 gennaio ci sar\u00e0 un nuovo incontro nella sala comunale del Comune di Onsago per discutere sull&#8217;applicazione della cassa integrazione per Covid-19.<\/p>\n<p>\u00abVogliamo ringraziare i lavoratori e le lavoratrici per la tenacia che li ha portati a presidiare il sito produttivo anche con condizioni meteo avverse &#8211; conclude Eliana Dell\u2019Acqua -. Vogliamo ringraziare anche tutti coloro che ci hanno mostrato solidariet\u00e0. Detto questo, la vertenza continua e noi lavoreremo per tutelare al massimo gli interessi legittimi dei lavoratori. E ci\u00f2 significa salvaguardare lo stabilimento e i posti di lavoro\u00bb.<\/p>\n","protected":false},"excerpt":{"rendered":"<p>La propriet\u00e0 della Voss di Osnago si \u00e8 presentata oggi al tavolo delle trattativa nella sede della Provincia di Lecco. E questa \u00e8 una notizia dopo che, per giorni, i dirigenti avevano rifiutato il confronto. I presupposti della trattativa, per\u00f2, secondo il sindacato non sono corretti. \u00abLa presenza al tavolo &#8211; spiega Eliana Dell\u2019Acqua, Fim [&hellip;]<\/p>\n","protected":false},"author":5,"featured_media":9155,"comment_status":"closed","ping_status":"open","sticky":false,"template":"","format":"standard","meta":{"footnotes":""},"categories":[1],"tags":[609,339],"class_list":{"0":"post-9154","1":"post","2":"type-post","3":"status-publish","4":"format-standard","5":"has-post-thumbnail","7":"category-notizie","8":"tag-osnago","9":"tag-voss","10":"czr-hentry"},"_links":{"self":[{"href":"https:\/\/www.monzalecco.lombardia.cisl.it\/index.php?rest_route=\/wp\/v2\/posts\/9154","targetHints":{"allow":["GET"]}}],"collection":[{"href":"https:\/\/www.monzalecco.lombardia.cisl.it\/index.php?rest_route=\/wp\/v2\/posts"}],"about":[{"href":"https:\/\/www.monzalecco.lombardia.cisl.it\/index.php?rest_route=\/wp\/v2\/types\/post"}],"author":[{"embeddable":true,"href":"https:\/\/www.monzalecco.lombardia.cisl.it\/index.php?rest_route=\/wp\/v2\/users\/5"}],"replies":[{"embeddable":true,"href":"https:\/\/www.monzalecco.lombardia.cisl.it\/index.php?rest_route=%2Fwp%2Fv2%2Fcomments&post=9154"}],"version-history":[{"count":5,"href":"https:\/\/www.monzalecco.lombardia.cisl.it\/index.php?rest_route=\/wp\/v2\/posts\/9154\/revisions"}],"predecessor-version":[{"id":9160,"href":"https:\/\/www.monzalecco.lombardia.cisl.it\/index.php?rest_route=\/wp\/v2\/posts\/9154\/revisions\/9160"}],"wp:featuredmedia":[{"embeddable":true,"href":"https:\/\/www.monzalecco.lombardia.cisl.it\/index.php?rest_route=\/wp\/v2\/media\/9155"}],"wp:attachment":[{"href":"https:\/\/www.monzalecco.lombardia.cisl.it\/index.php?rest_route=%2Fwp%2Fv2%2Fmedia&parent=9154"}],"wp:term":[{"taxonomy":"category","embeddable":true,"href":"https:\/\/www.monzalecco.lombardia.cisl.it\/index.php?rest_route=%2Fwp%2Fv2%2Fcategories&post=9154"},{"taxonomy":"post_tag","embeddable":true,"href":"https:\/\/www.monzalecco.lombardia.cisl.it\/index.php?rest_route=%2Fwp%2Fv2%2Ftags&post=9154"}],"curies":[{"name":"wp","href":"https:\/\/api.w.org\/{rel}","templated":true}]}}