{"id":9169,"date":"2021-01-07T18:43:42","date_gmt":"2021-01-07T17:43:42","guid":{"rendered":"https:\/\/www.monzalecco.lombardia.cisl.it\/?p=9169"},"modified":"2021-01-07T18:43:42","modified_gmt":"2021-01-07T17:43:42","slug":"voss-dallazienda-solo-chiusure","status":"publish","type":"post","link":"https:\/\/www.monzalecco.lombardia.cisl.it\/?p=9169","title":{"rendered":"Voss, dall&#8217;azienda solo chiusure"},"content":{"rendered":"<p>Voss, l&#8217;azenda non solo non \u00e8 disposta ad accettare alcuna trattativa sulla chiusura dello stabilimento di via Stoppani a Osnago (Lc), ma non \u00e8 neppure disposta ad anticipare la cassa integrazione Covid aperta fino al 31 marzo.<\/p>\n<p>\u00c8 questo in sintesi quanto emerso oggi, 7 gennaio, nella riunione online della IV Commissione della Regione Lombardia sulla vertenza Voss aperta il 10 dicembre con l&#8217;annuncio della cessazione dell\u2019attivit\u00e0 produttiva con il conseguente licenziamento di 70 lavoratrici e lavoratori.<\/p>\n<p>\u00ab\u00c8 inaccettabile l\u2019arroganza dell\u2019azienda &#8211; osservano Eliana Dell&#8217;Acqua e Lorena Silvani Fim Cisl Mbl -. Serve rispetto per le lavoratrici e i lavoratori. Togliere subito ogni pregiudiziale per risolvere questa complicata situazione. Di questo passo si rischia di vanificare il ruolo e l\u2019impegno di Regione Lombardia. L\u2019azienda da una parte sembra dare disponibilit\u00e0 a una discussione nel merito, dall\u2019altra per\u00f2 respinge ogni proposta alternativa alla chiusura e al licenziamento dei dipendenti. Una posizione inaccettabile\u00bb.<\/p>\n<p>Una posizione che fa il paio con l\u2019indisponibilit\u00e0 ad anticipare il trattamento economico di cassa integrazione con causale Covid aperta fino al prossimo 31 marzo. \u00abQuesta decisione &#8211; continuano le sindacaliste &#8211; ha il sapore di una ripicca nei confronti delle lavoratrici e dei lavoratori che sono in presidio permanente da 25 giorni\u00bb.<\/p>\n<p>L\u2019azienda ha respinto ogni possibile alternativa alla chiusura, accusando i lavoratori e il sindacato di mettere a rischio anche la sopravvivenza del secondo sito presente ad Osnago. \u00abUn\u2019accusa che fa quasi tenerezza &#8211; osservano le sindacaliste Fim Cisl &#8211; dal momento che quest\u2019azienda, da quando ha rilevato Larga, non ha mai fatto investimenti utili a rafforzare competitivit\u00e0 e presenza sul mercato. Quindi, delle due una: o la multinazionale aveva deciso da tempo di spegnere i motori in Italia, oppure c\u2019\u00e8 stata una pessima gestione industriale da parte dei dirigenti italiani. L\u2019arroganza dell\u2019azienda nel voler scartare qualsiasi ipotesi alternativa, che va dall\u2019analisi e risoluzione delle inefficienze per proseguire con la produzione in Italia, alla ricerca di un possibile imprenditore interessato all\u2019area o al mercato, fino alla reindustrializzazione del sito, rischia di vanificare anche il ruolo delle Istituzioni, a partire da Regione Lombardia che aveva dato ampia disponibilit\u00e0 a valutare tutte le possibili soluzioni per salvaguardare la continuit\u00e0 occupazionale\u00bb.<\/p>\n<p>\u00abServe pi\u00f9 rispetto per le settanta lavoratrici e lavoratori &#8211; concludono le sindacaliste &#8211; che non sono stracci da gettare dopo averli spremuti, ma persone a cui va assicurata dignit\u00e0 e futuro. A questo punto, se questa \u00e8 la modalit\u00e0 di gestione, siamo preoccupati anche per il futuro dell\u2019altro sito Voss di Osnago\u00bb.<\/p>\n<p>Il prossimo incontro sar\u00e0 il 12 gennaio. Nel frattempo continuer\u00e0 il presidio, attorno al quale \u00e8 scattata una commovente gara di solidariet\u00e0, e con la lotta a difesa del lavoro fino a quando la discussione verr\u00e0 sgombrata da ogni pregiudiziale e ci si renda disponibili a discutere seriamente senza posizioni di principio.<\/p>\n","protected":false},"excerpt":{"rendered":"<p>Voss, l&#8217;azenda non solo non \u00e8 disposta ad accettare alcuna trattativa sulla chiusura dello stabilimento di via Stoppani a Osnago (Lc), ma non \u00e8 neppure disposta ad anticipare la cassa integrazione Covid aperta fino al 31 marzo. \u00c8 questo in sintesi quanto emerso oggi, 7 gennaio, nella riunione online della IV Commissione della Regione Lombardia [&hellip;]<\/p>\n","protected":false},"author":5,"featured_media":9170,"comment_status":"closed","ping_status":"open","sticky":false,"template":"","format":"standard","meta":{"footnotes":""},"categories":[1],"tags":[27,609,70,339],"class_list":{"0":"post-9169","1":"post","2":"type-post","3":"status-publish","4":"format-standard","5":"has-post-thumbnail","7":"category-notizie","8":"tag-fim","9":"tag-osnago","10":"tag-regione-lombardia","11":"tag-voss","12":"czr-hentry"},"_links":{"self":[{"href":"https:\/\/www.monzalecco.lombardia.cisl.it\/index.php?rest_route=\/wp\/v2\/posts\/9169","targetHints":{"allow":["GET"]}}],"collection":[{"href":"https:\/\/www.monzalecco.lombardia.cisl.it\/index.php?rest_route=\/wp\/v2\/posts"}],"about":[{"href":"https:\/\/www.monzalecco.lombardia.cisl.it\/index.php?rest_route=\/wp\/v2\/types\/post"}],"author":[{"embeddable":true,"href":"https:\/\/www.monzalecco.lombardia.cisl.it\/index.php?rest_route=\/wp\/v2\/users\/5"}],"replies":[{"embeddable":true,"href":"https:\/\/www.monzalecco.lombardia.cisl.it\/index.php?rest_route=%2Fwp%2Fv2%2Fcomments&post=9169"}],"version-history":[{"count":1,"href":"https:\/\/www.monzalecco.lombardia.cisl.it\/index.php?rest_route=\/wp\/v2\/posts\/9169\/revisions"}],"predecessor-version":[{"id":9171,"href":"https:\/\/www.monzalecco.lombardia.cisl.it\/index.php?rest_route=\/wp\/v2\/posts\/9169\/revisions\/9171"}],"wp:featuredmedia":[{"embeddable":true,"href":"https:\/\/www.monzalecco.lombardia.cisl.it\/index.php?rest_route=\/wp\/v2\/media\/9170"}],"wp:attachment":[{"href":"https:\/\/www.monzalecco.lombardia.cisl.it\/index.php?rest_route=%2Fwp%2Fv2%2Fmedia&parent=9169"}],"wp:term":[{"taxonomy":"category","embeddable":true,"href":"https:\/\/www.monzalecco.lombardia.cisl.it\/index.php?rest_route=%2Fwp%2Fv2%2Fcategories&post=9169"},{"taxonomy":"post_tag","embeddable":true,"href":"https:\/\/www.monzalecco.lombardia.cisl.it\/index.php?rest_route=%2Fwp%2Fv2%2Ftags&post=9169"}],"curies":[{"name":"wp","href":"https:\/\/api.w.org\/{rel}","templated":true}]}}