{"id":9192,"date":"2021-01-11T22:16:45","date_gmt":"2021-01-11T21:16:45","guid":{"rendered":"https:\/\/www.monzalecco.lombardia.cisl.it\/?p=9192"},"modified":"2021-01-11T22:16:45","modified_gmt":"2021-01-11T21:16:45","slug":"voss-tremila-firme-a-sostegno-dei-lavoratori","status":"publish","type":"post","link":"https:\/\/www.monzalecco.lombardia.cisl.it\/?p=9192","title":{"rendered":"Voss, tremila firme a sostegno dei lavoratori"},"content":{"rendered":"<p>Oltre 3mila persone hanno gi\u00e0 firmato la petizione on-line lanciata su Fim Monza Brianza Lecco e Fiom Cgil Lecco su Change.org per dire NO ai 70 licenziamenti decisi dalla dirigenza di Voss Fluid presso il sito produttivo di via Stoppani a Osnago.<\/p>\n<p>Fim Cisl Monza Brianza Lecco e Fiom Cisl Lecco stanno sostenendo le lavoratrici e i lavoratori della Voss Fluid di Osnago nella lotta per la difesa del lavoro dopo che l\u2019azienda, multinazionale tedesca, ha annunciato la chiusura della produzione nel sito di Osnago (Lecco).<\/p>\n<p>All\u2019ultimo incontro istituzionale in regione la propriet\u00e0 ha ribadito la volont\u00e0 di perseguire il suo obiettivo di chiusura, senza dunque alcuna possibilit\u00e0 di trattativa.<\/p>\n<p>All\u2019ultimo incontro istituzionale in regione la propriet\u00e0 ha ribadito la volont\u00e0 di perseguire il suo obiettivo di chiusura, senza dunque alcuna possibilit\u00e0 di trattativa.<\/p>\n<p>\u201c\u00c8 inaccettabile l\u2019arroganza dell\u2019azienda \u2013 osservano Eliana Dell\u2019Acqua e Lorena Silvani Fim Cisl Mbl -. Serve rispetto per le lavoratrici e i lavoratori. Togliere subito ogni pregiudiziale per risolvere questa complicata situazione. Di questo passo si rischia di vanificare il ruolo e l\u2019impegno di Regione Lombardia. L\u2019azienda da una parte sembra dare disponibilit\u00e0 a una discussione nel merito, dall\u2019altra per\u00f2 respinge ogni proposta alternativa alla chiusura e al licenziamento dei dipendenti. Una posizione inaccettabile\u201d.<\/p>\n<p>Una posizione che fa il paio con l\u2019indisponibilit\u00e0 ad anticipare il trattamento economico di cassa integrazione con causale Covid aperta fino al prossimo 31 marzo. \u201cQuesta decisione \u2013 continuano le sindacaliste \u2013 ha il sapore di una ripicca nei confronti delle lavoratrici e dei lavoratori che sono in presidio permanente da 25 giorni\u201d.<\/p>\n<p>L\u2019azienda ha respinto ogni possibile alternativa alla chiusura, accusando i lavoratori e il sindacato di mettere a rischio anche la sopravvivenza del secondo sito presente ad Osnago.<\/p>\n<p>\u201cServe pi\u00f9 rispetto per le settanta lavoratrici e lavoratori \u2013 concludono le sindacaliste \u2013 che non sono stracci da gettare dopo averli spremuti, ma persone a cui va assicurata dignit\u00e0 e futuro. A questo punto, se questa \u00e8 la modalit\u00e0 di gestione, siamo preoccupati anche per il futuro dell\u2019altro sito Voss di Osnago\u201d.<\/p>\n<p>In attesa del prossimo incontro, fissato per domani 12 gennaio, prosegue il presidio, attorno al quale \u00e8 scattata una gara di solidariet\u00e0 dei cittadini di Osnago e non solo.<\/p>\n<p><a href=\"https:\/\/www.change.org\/p\/voss-gruppe-no-ai-licenziamenti-delle-70-donne-e-uomini-della-voss-fluid-di-osnago-lecco-2ea8afbf-61bc-4599-8f31-982b32189a3c?recruiter=291558877&amp;utm_source=share_petition&amp;utm_campaign=petition_show&amp;utm_medium=whatsapp&amp;utm_content=washarecopy_26750712_it-IT%3A5&amp;recruited_by_id=232ce640-f49f-11e4-ae2a-2fec1b84b15f\">SOSTIENI LA LOTTA DEI LAVORATORI VOSS, FIRMA LA PETIZIONE SU CHANGE.ORG<\/a><\/p>\n","protected":false},"excerpt":{"rendered":"<p>Oltre 3mila persone hanno gi\u00e0 firmato la petizione on-line lanciata su Fim Monza Brianza Lecco e Fiom Cgil Lecco su Change.org per dire NO ai 70 licenziamenti decisi dalla dirigenza di Voss Fluid presso il sito produttivo di via Stoppani a Osnago. Fim Cisl Monza Brianza Lecco e Fiom Cisl Lecco stanno sostenendo le lavoratrici [&hellip;]<\/p>\n","protected":false},"author":5,"featured_media":9092,"comment_status":"closed","ping_status":"open","sticky":false,"template":"","format":"standard","meta":{"footnotes":""},"categories":[1],"tags":[27,609,339],"class_list":{"0":"post-9192","1":"post","2":"type-post","3":"status-publish","4":"format-standard","5":"has-post-thumbnail","7":"category-notizie","8":"tag-fim","9":"tag-osnago","10":"tag-voss","11":"czr-hentry"},"_links":{"self":[{"href":"https:\/\/www.monzalecco.lombardia.cisl.it\/index.php?rest_route=\/wp\/v2\/posts\/9192","targetHints":{"allow":["GET"]}}],"collection":[{"href":"https:\/\/www.monzalecco.lombardia.cisl.it\/index.php?rest_route=\/wp\/v2\/posts"}],"about":[{"href":"https:\/\/www.monzalecco.lombardia.cisl.it\/index.php?rest_route=\/wp\/v2\/types\/post"}],"author":[{"embeddable":true,"href":"https:\/\/www.monzalecco.lombardia.cisl.it\/index.php?rest_route=\/wp\/v2\/users\/5"}],"replies":[{"embeddable":true,"href":"https:\/\/www.monzalecco.lombardia.cisl.it\/index.php?rest_route=%2Fwp%2Fv2%2Fcomments&post=9192"}],"version-history":[{"count":1,"href":"https:\/\/www.monzalecco.lombardia.cisl.it\/index.php?rest_route=\/wp\/v2\/posts\/9192\/revisions"}],"predecessor-version":[{"id":9193,"href":"https:\/\/www.monzalecco.lombardia.cisl.it\/index.php?rest_route=\/wp\/v2\/posts\/9192\/revisions\/9193"}],"wp:featuredmedia":[{"embeddable":true,"href":"https:\/\/www.monzalecco.lombardia.cisl.it\/index.php?rest_route=\/wp\/v2\/media\/9092"}],"wp:attachment":[{"href":"https:\/\/www.monzalecco.lombardia.cisl.it\/index.php?rest_route=%2Fwp%2Fv2%2Fmedia&parent=9192"}],"wp:term":[{"taxonomy":"category","embeddable":true,"href":"https:\/\/www.monzalecco.lombardia.cisl.it\/index.php?rest_route=%2Fwp%2Fv2%2Fcategories&post=9192"},{"taxonomy":"post_tag","embeddable":true,"href":"https:\/\/www.monzalecco.lombardia.cisl.it\/index.php?rest_route=%2Fwp%2Fv2%2Ftags&post=9192"}],"curies":[{"name":"wp","href":"https:\/\/api.w.org\/{rel}","templated":true}]}}