{"id":9253,"date":"2021-01-15T16:18:44","date_gmt":"2021-01-15T15:18:44","guid":{"rendered":"https:\/\/www.monzalecco.lombardia.cisl.it\/?p=9253"},"modified":"2021-01-15T16:20:21","modified_gmt":"2021-01-15T15:20:21","slug":"voss-la-solidarieta-arriva-da-napoli","status":"publish","type":"post","link":"https:\/\/www.monzalecco.lombardia.cisl.it\/?p=9253","title":{"rendered":"Voss, la solidariet\u00e0 arriva da Napoli"},"content":{"rendered":"<p>La solidariet\u00e0 non ha confini. Questa mattina al presidio dei lavoratori della Voss di Osnago (Lc) \u00e8 arrivata una delegazione di lavoratori della Whirlpool, il cui stabilimento napoletano \u00e8 stato chiuso il 31 ottobre, Questa mattina una delegazione di lavoratori della Whirlpool, accompagnata dal segretario generale della Fim Cisl Campania, Raffaele Apetino, e dal segretario della Cisl Campania, Giuseppe Esposito. Il loro \u00e8 stato un segno di condivisione. \u00ab\u00c8 dal 2018 \u2013 spiegano i responsabili Fim Cisl Napoli \u2013 che stiamo vivendo questa dura vertenza. Quindi siamo ben consapevoli delle difficolt\u00e0 e delle ansie che i colleghi metalmeccanici della Voss stanno vivendo. Vogliamo essere loro vicini in questo momento cos\u00ec delicato\u00bb.<\/p>\n<p>A riceverli c\u2019erano Roberto Benaglia, segretario generale della Fim Cisl, Ugo Duci, segretario generale Cisl Lombardia, Andrea Doneg\u00e0, Fim Cisl Lombardia, oltre, ovviamente ai vertici della Fim Cisl e della Cisl Monza Brianza Lecco. \u00abQuesto gemellaggio tra i lavoratori di Voss e Whirpool \u00e8 una ulteriore testimonianza che la solidariet\u00e0 \u00e8 la forza pi\u00f9 grande di cui dispone il sindacato \u2013 ha detto Duci -. Ora le istituzioni, a tutti i livelli, facciano la loro parte per sostenere la lotta dei lavoratori, affinch\u00e9 le rispettive propriet\u00e0 accettino di aprire un confronto costruttivo\u00bb.<\/p>\n<p>Intanto c\u2019\u00e8 stata un\u2019altra dura azione dell\u2019azienda nei confronti dei dipendenti dello stabilimento Voss. Nei giorni scorsi si era presentato ai cancelli un muratore che aveva il compito di smontare un forno. I lavoratori gli hanno impedito di entrare. In tutta risposta la dirigenza ha inviato contestazioni disciplinari. \u00abSono state inviate a tutti \u2013 spiegano i responsabili della Fim Cisl Mbl \u2013 anche a coloro che non erano presenti. \u00c8 un\u2019azione che non possiamo accettare e che, francamente, ci sembra assurda e fuori contesto\u00bb.<\/p>\n","protected":false},"excerpt":{"rendered":"<p>La solidariet\u00e0 non ha confini. Questa mattina al presidio dei lavoratori della Voss di Osnago (Lc) \u00e8 arrivata una delegazione di lavoratori della Whirlpool, il cui stabilimento napoletano \u00e8 stato chiuso il 31 ottobre, Questa mattina una delegazione di lavoratori della Whirlpool, accompagnata dal segretario generale della Fim Cisl Campania, Raffaele Apetino, e dal segretario [&hellip;]<\/p>\n","protected":false},"author":5,"featured_media":9254,"comment_status":"closed","ping_status":"open","sticky":false,"template":"","format":"standard","meta":{"footnotes":""},"categories":[1],"tags":[27,339,615],"class_list":{"0":"post-9253","1":"post","2":"type-post","3":"status-publish","4":"format-standard","5":"has-post-thumbnail","7":"category-notizie","8":"tag-fim","9":"tag-voss","10":"tag-whirlpool","11":"czr-hentry"},"_links":{"self":[{"href":"https:\/\/www.monzalecco.lombardia.cisl.it\/index.php?rest_route=\/wp\/v2\/posts\/9253","targetHints":{"allow":["GET"]}}],"collection":[{"href":"https:\/\/www.monzalecco.lombardia.cisl.it\/index.php?rest_route=\/wp\/v2\/posts"}],"about":[{"href":"https:\/\/www.monzalecco.lombardia.cisl.it\/index.php?rest_route=\/wp\/v2\/types\/post"}],"author":[{"embeddable":true,"href":"https:\/\/www.monzalecco.lombardia.cisl.it\/index.php?rest_route=\/wp\/v2\/users\/5"}],"replies":[{"embeddable":true,"href":"https:\/\/www.monzalecco.lombardia.cisl.it\/index.php?rest_route=%2Fwp%2Fv2%2Fcomments&post=9253"}],"version-history":[{"count":3,"href":"https:\/\/www.monzalecco.lombardia.cisl.it\/index.php?rest_route=\/wp\/v2\/posts\/9253\/revisions"}],"predecessor-version":[{"id":9257,"href":"https:\/\/www.monzalecco.lombardia.cisl.it\/index.php?rest_route=\/wp\/v2\/posts\/9253\/revisions\/9257"}],"wp:featuredmedia":[{"embeddable":true,"href":"https:\/\/www.monzalecco.lombardia.cisl.it\/index.php?rest_route=\/wp\/v2\/media\/9254"}],"wp:attachment":[{"href":"https:\/\/www.monzalecco.lombardia.cisl.it\/index.php?rest_route=%2Fwp%2Fv2%2Fmedia&parent=9253"}],"wp:term":[{"taxonomy":"category","embeddable":true,"href":"https:\/\/www.monzalecco.lombardia.cisl.it\/index.php?rest_route=%2Fwp%2Fv2%2Fcategories&post=9253"},{"taxonomy":"post_tag","embeddable":true,"href":"https:\/\/www.monzalecco.lombardia.cisl.it\/index.php?rest_route=%2Fwp%2Fv2%2Ftags&post=9253"}],"curies":[{"name":"wp","href":"https:\/\/api.w.org\/{rel}","templated":true}]}}