{"id":9303,"date":"2021-01-20T11:19:56","date_gmt":"2021-01-20T10:19:56","guid":{"rendered":"https:\/\/www.monzalecco.lombardia.cisl.it\/?p=9303"},"modified":"2021-01-20T11:19:56","modified_gmt":"2021-01-20T10:19:56","slug":"voss-15-000-firme-di-solidarieta","status":"publish","type":"post","link":"https:\/\/www.monzalecco.lombardia.cisl.it\/?p=9303","title":{"rendered":"Voss, 15.000 firme di solidariet\u00e0"},"content":{"rendered":"<p>La solidariet\u00e0 \u00e8 una firma. Anzi 15.000 firme. Tante ne ha raccolto la petizione on-line lanciata da Fim Monza Brianza Lecco e Fiom Cgil Lecco su Change.org per dire NO ai 70 licenziamenti decisi dalla dirigenza di Voss Fluid presso il sito produttivo di via Stoppani a Osnago.<\/p>\n<p>Fim Cisl Monza Brianza Lecco e Fiom Cisl Lecco stanno sostenendo le lavoratrici e i lavoratori della Voss Fluid di Osnago nella lotta per la difesa del lavoro dopo che l\u2019azienda, multinazionale tedesca, ha annunciato la chiusura della produzione nel sito di Osnago (Lecco).<\/p>\n<p>Da dicembre \u00e8 in atto un presidio fuori dai cancelli dell&#8217;azienda. Un presidio al quale la popolazione di Osnago (e non solo) \u00e8 stata particolarmente vicina. Ma i lavoratori hanno sentito sempre il sostegno della Brianza e non solo, come dimostra il successo della petizione e l&#8217;arrivo di numerose delegazioni di lavoratori da tutta Italia (compresa una delegazione di dipendenti della Whirlpool dalla Campania).<\/p>\n<p>Intanto la vertenza prosegue. Domani, in azienda, si terr\u00e0 un incontro tra la dirigenza e i rappresentanti sindacali. \u00abCon i vertici aziendali si parler\u00e0 di ricollocazioni e una possibile reindustrializzazione dell&#8217;area \u2013 spiega Eliana Dell&#8217;Acqua, Fim Cisl -. Sono punti essenziali per avviare una discussione proficua che non penalizzi i lavoratori e le lavoratrici e garantisca loro un futuro\u00bb.<\/p>\n","protected":false},"excerpt":{"rendered":"<p>La solidariet\u00e0 \u00e8 una firma. Anzi 15.000 firme. Tante ne ha raccolto la petizione on-line lanciata da Fim Monza Brianza Lecco e Fiom Cgil Lecco su Change.org per dire NO ai 70 licenziamenti decisi dalla dirigenza di Voss Fluid presso il sito produttivo di via Stoppani a Osnago. Fim Cisl Monza Brianza Lecco e Fiom [&hellip;]<\/p>\n","protected":false},"author":5,"featured_media":8987,"comment_status":"closed","ping_status":"open","sticky":false,"template":"","format":"standard","meta":{"footnotes":""},"categories":[1],"tags":[27,609,339],"class_list":{"0":"post-9303","1":"post","2":"type-post","3":"status-publish","4":"format-standard","5":"has-post-thumbnail","7":"category-notizie","8":"tag-fim","9":"tag-osnago","10":"tag-voss","11":"czr-hentry"},"_links":{"self":[{"href":"https:\/\/www.monzalecco.lombardia.cisl.it\/index.php?rest_route=\/wp\/v2\/posts\/9303","targetHints":{"allow":["GET"]}}],"collection":[{"href":"https:\/\/www.monzalecco.lombardia.cisl.it\/index.php?rest_route=\/wp\/v2\/posts"}],"about":[{"href":"https:\/\/www.monzalecco.lombardia.cisl.it\/index.php?rest_route=\/wp\/v2\/types\/post"}],"author":[{"embeddable":true,"href":"https:\/\/www.monzalecco.lombardia.cisl.it\/index.php?rest_route=\/wp\/v2\/users\/5"}],"replies":[{"embeddable":true,"href":"https:\/\/www.monzalecco.lombardia.cisl.it\/index.php?rest_route=%2Fwp%2Fv2%2Fcomments&post=9303"}],"version-history":[{"count":1,"href":"https:\/\/www.monzalecco.lombardia.cisl.it\/index.php?rest_route=\/wp\/v2\/posts\/9303\/revisions"}],"predecessor-version":[{"id":9304,"href":"https:\/\/www.monzalecco.lombardia.cisl.it\/index.php?rest_route=\/wp\/v2\/posts\/9303\/revisions\/9304"}],"wp:featuredmedia":[{"embeddable":true,"href":"https:\/\/www.monzalecco.lombardia.cisl.it\/index.php?rest_route=\/wp\/v2\/media\/8987"}],"wp:attachment":[{"href":"https:\/\/www.monzalecco.lombardia.cisl.it\/index.php?rest_route=%2Fwp%2Fv2%2Fmedia&parent=9303"}],"wp:term":[{"taxonomy":"category","embeddable":true,"href":"https:\/\/www.monzalecco.lombardia.cisl.it\/index.php?rest_route=%2Fwp%2Fv2%2Fcategories&post=9303"},{"taxonomy":"post_tag","embeddable":true,"href":"https:\/\/www.monzalecco.lombardia.cisl.it\/index.php?rest_route=%2Fwp%2Fv2%2Ftags&post=9303"}],"curies":[{"name":"wp","href":"https:\/\/api.w.org\/{rel}","templated":true}]}}