{"id":9346,"date":"2021-01-27T08:51:13","date_gmt":"2021-01-27T07:51:13","guid":{"rendered":"https:\/\/www.monzalecco.lombardia.cisl.it\/?p=9346"},"modified":"2021-01-27T08:51:13","modified_gmt":"2021-01-27T07:51:13","slug":"viaggia-sul-web-il-treno-della-memoria","status":"publish","type":"post","link":"https:\/\/www.monzalecco.lombardia.cisl.it\/?p=9346","title":{"rendered":"Viaggia sul web il Treno della Memoria"},"content":{"rendered":"<p>Il Treno della Memoria si trasferisce dalle rotaie al web. Data l\u2019impossibilit\u00e0 di organizzare il tradizionale viaggio ad Auschwitz, Cgil, Cisl e Uil Lombardia e il Comitato \u201cIn Treno per la Memoria\u201d portano il viaggio direttamente dentro le scuole, chiamate come ogni anno a dare il proprio contributo attivo nel ricucire i fili della storia e della memoria.<\/p>\n<p>Gli studenti degli istituti scolastici lombardi elaboreranno progetti su alcuni temi, tra cui la deportazione femminile, la poesia, il cinema, la letteratura sulla Shoah, l\u2019antisemitismo e il razzismo. Alla stesura dei progetti collaborer\u00e0 l\u2019Istituto per la Storia della Resistenza e dell\u2019Et\u00e0 Contemporanea (Isrec) di Bergamo.<\/p>\n<p>Le scuole hanno tempo fino al 20 marzo 2021 per presentare i lavori, che saranno pubblicati sul nuovo sito web del Treno per la Memoria a questo indirizzo:<a href=\"https:\/\/stage.intrenoperlamemoria.it\">\u00a0https:\/\/stage.intrenoperlamemoria.it<\/a><br \/>\nSeguir\u00e0 un ciclo di incontri con i singoli istituti sugli argomenti proposti.<\/p>\n<p>\u201cIl Treno della memoria, che quest\u2019anno dalle rotaie si trasferir\u00e0 sulla rete, vuole conservare gli stessi obiettivi e ideali attraverso una modalit\u00e0 di condivisione interamente online\u201d. Cos\u00ec\u00a0Cgil, Cisl e Uil della Lombardia, che aggiungono: \u201cLa Giornata della Memoria non \u00e8 soltanto occasione simbolica per rievocare il passato, ma un\u2019opportunit\u00e0 per rileggere anche il nostro presente e per affermare, consapevolmente e per scelta di ciascuno, i valori della convivenza e del rispetto. La memoria diventa uno strumento di \u201csuccessione\u201d, in grado di consegnare alle generazioni future le modalit\u00e0 di raggiungimento delle proprie libert\u00e0, conquistate attraverso lotte, battaglie e guerre. La memoria \u00e8 la radice per la salvaguardia di un modello sociale che oggi dovrebbe permettere a tutti gli esseri umani di convivere e coesistere pacificamente\u201d.<\/p>\n","protected":false},"excerpt":{"rendered":"<p>Il Treno della Memoria si trasferisce dalle rotaie al web. Data l\u2019impossibilit\u00e0 di organizzare il tradizionale viaggio ad Auschwitz, Cgil, Cisl e Uil Lombardia e il Comitato \u201cIn Treno per la Memoria\u201d portano il viaggio direttamente dentro le scuole, chiamate come ogni anno a dare il proprio contributo attivo nel ricucire i fili della storia [&hellip;]<\/p>\n","protected":false},"author":5,"featured_media":9347,"comment_status":"closed","ping_status":"open","sticky":false,"template":"","format":"standard","meta":{"footnotes":""},"categories":[1],"tags":[324],"class_list":{"0":"post-9346","1":"post","2":"type-post","3":"status-publish","4":"format-standard","5":"has-post-thumbnail","7":"category-notizie","8":"tag-treno-della-memoria","9":"czr-hentry"},"_links":{"self":[{"href":"https:\/\/www.monzalecco.lombardia.cisl.it\/index.php?rest_route=\/wp\/v2\/posts\/9346","targetHints":{"allow":["GET"]}}],"collection":[{"href":"https:\/\/www.monzalecco.lombardia.cisl.it\/index.php?rest_route=\/wp\/v2\/posts"}],"about":[{"href":"https:\/\/www.monzalecco.lombardia.cisl.it\/index.php?rest_route=\/wp\/v2\/types\/post"}],"author":[{"embeddable":true,"href":"https:\/\/www.monzalecco.lombardia.cisl.it\/index.php?rest_route=\/wp\/v2\/users\/5"}],"replies":[{"embeddable":true,"href":"https:\/\/www.monzalecco.lombardia.cisl.it\/index.php?rest_route=%2Fwp%2Fv2%2Fcomments&post=9346"}],"version-history":[{"count":1,"href":"https:\/\/www.monzalecco.lombardia.cisl.it\/index.php?rest_route=\/wp\/v2\/posts\/9346\/revisions"}],"predecessor-version":[{"id":9348,"href":"https:\/\/www.monzalecco.lombardia.cisl.it\/index.php?rest_route=\/wp\/v2\/posts\/9346\/revisions\/9348"}],"wp:featuredmedia":[{"embeddable":true,"href":"https:\/\/www.monzalecco.lombardia.cisl.it\/index.php?rest_route=\/wp\/v2\/media\/9347"}],"wp:attachment":[{"href":"https:\/\/www.monzalecco.lombardia.cisl.it\/index.php?rest_route=%2Fwp%2Fv2%2Fmedia&parent=9346"}],"wp:term":[{"taxonomy":"category","embeddable":true,"href":"https:\/\/www.monzalecco.lombardia.cisl.it\/index.php?rest_route=%2Fwp%2Fv2%2Fcategories&post=9346"},{"taxonomy":"post_tag","embeddable":true,"href":"https:\/\/www.monzalecco.lombardia.cisl.it\/index.php?rest_route=%2Fwp%2Fv2%2Ftags&post=9346"}],"curies":[{"name":"wp","href":"https:\/\/api.w.org\/{rel}","templated":true}]}}