{"id":9353,"date":"2021-01-27T10:54:58","date_gmt":"2021-01-27T09:54:58","guid":{"rendered":"https:\/\/www.monzalecco.lombardia.cisl.it\/?p=9353"},"modified":"2021-01-27T10:54:58","modified_gmt":"2021-01-27T09:54:58","slug":"infortuni-sul-lavoro-calo-illusorio","status":"publish","type":"post","link":"https:\/\/www.monzalecco.lombardia.cisl.it\/?p=9353","title":{"rendered":"Infortuni sul lavoro, calo illusorio"},"content":{"rendered":"<p>Sul fronte degli infortuni sul lavoro c&#8217;\u00e8 una notizia buona e una cattiva. Quella buona \u00e8 che, secondo l&#8217;ultimo rapporto Inail, da gennaio a novembre 2020, le denunce di infortuni sono calate. Quella cattiva \u00e8 che il calo si \u00e8 registrato in un contesto di generale riduzione delle ore lavorate a causa della pandemia di Covid-19.<\/p>\n<p>In Brianza i casi sono stati 6.939 (8 mortali) contro i 7.515 (14 mortali) dello stesso periodo del 2019. Nel lecchese, 2.942 (8 mortali) contro 3.417 (5 mortali). \u00abLa riduzione \u00e8 positiva \u2013 osserva Enzo Mesagna, segreteria Cisl Mbl -, ma va considerato che, soprattutto nella scorsa primavera, le ore lavorate sono state decisamente inferiori a quelle dello stesso periodo dell&#8217;anno prima. Ci\u00f2 fa s\u00ec che, in termini reali, la riduzione sia decisamente inferiore a quanto appaia\u00bb.<\/p>\n<p>La riduzione si registra anche sul fronte delle malattie professionali. In Brianza le denunce sono state 172 contro le 221 dell&#8217;anno precedente e nel Lecchese 54 rispetto alle 54 nel 2019. \u00abAnche in questo caso \u2013 continua Mesagna \u2013 non c&#8217;\u00e8 molto da gioire. Questo tipo di denuncia va infatti presentata con il rapporto di lavoro in corso. Quindi molti lavoratori rinunciano a presentarla per non entrare in conflitto con il datore di lavoro. Anche in questo caso, quindi, la realt\u00e0 \u00e8 pi\u00f9 preoccupante di quanto appaia dai numeri\u00bb.<\/p>\n<p>Anche il Covid-19 ha impattato sulla situazione degli infortuni. La Brianza \u00e8 stata una delle province pi\u00f9 colpite con il 66% di incremento di casi tra ottobre e novembre, il balzo pi\u00f9 alto di tutta la Regione Lombardia. A Lecco, l&#8217;incremento \u00e8 stato del 19,7%. \u00abIn Brianza &#8211; sottolinea Mesagna -, su 2.384 denunce, 1.753 erano donne. A Lecco 615 su 834. Non \u00e8 un caso che paghino di pi\u00f9 l&#8217;epidemia. Non \u00e8 una sorpresa se consideriamo che i settori pi\u00f9 colpiti sono stati quelli della sanit\u00e0 e della cura alla persona dove le lavoratrici sono in maggioranza. Di fronte alla minaccia del Covid-19 non possiamo abbassare la guardia. Dobbiamo continuare a diffondere la cultura delle prevenzione e sostenere la campagna di vaccinazione\u00bb.<\/p>\n<p>In generale Mesagna sottolinea l&#8217;importanza della diffusione di una cultura della sicurezza. \u00abLa sicurezza \u00e8 un problema culturale \u2013 conclude -. Dobbiamo investire molto in prevenzione e formazione. A partire dalle scuole dobbiamo diffondere il principio che l&#8217;attenzione alla sicurezza non \u00e8 un costo, ma una risorsa perch\u00e9 tutela sia i lavoratori sia l&#8217;impresa. Serve anche un sistema di controlli pi\u00f9 efficace. Nel nostro territorio, cos\u00ec ricco di aziende, gli ispettori sono pochi e faticano a fare un lavoro di verifica capillare\u00bb.<\/p>\n","protected":false},"excerpt":{"rendered":"<p>Sul fronte degli infortuni sul lavoro c&#8217;\u00e8 una notizia buona e una cattiva. Quella buona \u00e8 che, secondo l&#8217;ultimo rapporto Inail, da gennaio a novembre 2020, le denunce di infortuni sono calate. Quella cattiva \u00e8 che il calo si \u00e8 registrato in un contesto di generale riduzione delle ore lavorate a causa della pandemia di [&hellip;]<\/p>\n","protected":false},"author":5,"featured_media":4297,"comment_status":"closed","ping_status":"open","sticky":false,"template":"","format":"standard","meta":{"footnotes":""},"categories":[1],"tags":[275],"class_list":{"0":"post-9353","1":"post","2":"type-post","3":"status-publish","4":"format-standard","5":"has-post-thumbnail","7":"category-notizie","8":"tag-infortuni","9":"czr-hentry"},"_links":{"self":[{"href":"https:\/\/www.monzalecco.lombardia.cisl.it\/index.php?rest_route=\/wp\/v2\/posts\/9353","targetHints":{"allow":["GET"]}}],"collection":[{"href":"https:\/\/www.monzalecco.lombardia.cisl.it\/index.php?rest_route=\/wp\/v2\/posts"}],"about":[{"href":"https:\/\/www.monzalecco.lombardia.cisl.it\/index.php?rest_route=\/wp\/v2\/types\/post"}],"author":[{"embeddable":true,"href":"https:\/\/www.monzalecco.lombardia.cisl.it\/index.php?rest_route=\/wp\/v2\/users\/5"}],"replies":[{"embeddable":true,"href":"https:\/\/www.monzalecco.lombardia.cisl.it\/index.php?rest_route=%2Fwp%2Fv2%2Fcomments&post=9353"}],"version-history":[{"count":1,"href":"https:\/\/www.monzalecco.lombardia.cisl.it\/index.php?rest_route=\/wp\/v2\/posts\/9353\/revisions"}],"predecessor-version":[{"id":9354,"href":"https:\/\/www.monzalecco.lombardia.cisl.it\/index.php?rest_route=\/wp\/v2\/posts\/9353\/revisions\/9354"}],"wp:featuredmedia":[{"embeddable":true,"href":"https:\/\/www.monzalecco.lombardia.cisl.it\/index.php?rest_route=\/wp\/v2\/media\/4297"}],"wp:attachment":[{"href":"https:\/\/www.monzalecco.lombardia.cisl.it\/index.php?rest_route=%2Fwp%2Fv2%2Fmedia&parent=9353"}],"wp:term":[{"taxonomy":"category","embeddable":true,"href":"https:\/\/www.monzalecco.lombardia.cisl.it\/index.php?rest_route=%2Fwp%2Fv2%2Fcategories&post=9353"},{"taxonomy":"post_tag","embeddable":true,"href":"https:\/\/www.monzalecco.lombardia.cisl.it\/index.php?rest_route=%2Fwp%2Fv2%2Ftags&post=9353"}],"curies":[{"name":"wp","href":"https:\/\/api.w.org\/{rel}","templated":true}]}}