{"id":9368,"date":"2021-01-29T15:38:51","date_gmt":"2021-01-29T14:38:51","guid":{"rendered":"https:\/\/www.monzalecco.lombardia.cisl.it\/?p=9368"},"modified":"2021-01-29T15:38:51","modified_gmt":"2021-01-29T14:38:51","slug":"voss-grazie-a-tutti-i-lavoratori","status":"publish","type":"post","link":"https:\/\/www.monzalecco.lombardia.cisl.it\/?p=9368","title":{"rendered":"\u00abVoss, grazie a tutti i lavoratori\u00bb"},"content":{"rendered":"<p>Grazie ai lavoratori e alle lavoratrici della Voss di Osnago per la loro tenacia che ha portato a un&#8217;intesa che ha scongiurato il licenziamento di 70 persone. Il ringraziamento arriva dalla segreteria della Cisl Monza Brianza Lecco in un comunicato diffuso a margine dell&#8217;accordo per il quale i dipendenti hanno lottato per 45 giorni con un presidio di fronte ai cancelli dell&#8217;azienda.<\/p>\n<p>\u00abQuesto accordo quadro &#8211; spiega Mirco Scaccabarozzi, segretario generale Cisl Monza Brianza Lecco &#8211; assicura a lavoratrici e lavoratori garanzie inimmaginabili solo una decina di giorni fa, date le fortissime rigidit\u00e0 aziendali. Per questo motivo riteniamo\u00a0 doveroso rivolgere un vivo ringraziamento a tutte le lavoratrici e ai lavoratori, che con assoluta civilt\u00e0 e dignit\u00e0, senza mai rispondere alle provocazioni, assieme alle operatrici e agli operatori della Fim hanno dimostrato concretamente abnegazione e impegno continui\u00bb.<\/p>\n<p>Con tenacia si \u00e8 raggiunto l\u2019obiettivo di evitare che 70 persone rimanessero senza lavoro e di garantire l\u2019utilizzo di tutti gli ammortizzatori sociali conservativi, funzionali ad accompagnare i lavoratori in un percorso di politiche attive e consentire la loro ricollocazione, anche nell\u2019ipotesi di valutare e implementare un percorso di reindustrializzazione, (qualora vi fossero imprenditori interessati). \u00abNell&#8217;intesa &#8211; prosegue Scaccabarozzi &#8211; \u00e8 definito un incentivo all\u2019esodo per chi vorr\u00e0 uscire volontariamente, con la particolarit\u00e0 di garantire maggiori risorse alle figure pi\u00f9 deboli, quante rimarranno in cassa integrazione pi\u00f9 a lungo, generalmente le figure professionali meno ricollocabili nel mondo del lavoro\u00bb.<\/p>\n<p>La Cisl Mbl ringrazia per il sostegno e la solidariet\u00e0 profuse anche la Cisl e la Fim Cisl Lombardia, la Fim nazionale, insieme alle Rsu, le Cisl lombarde, tutte le categorie territoriali, la Fim e la Cisl campane, la Cisl di Napoli e i delegati della Whirlpool, le istituzioni lecchesi, in particolare la Prefettura, la Provincia e il Comune di Osnago, i tantissimi associati Cisl nonch\u00e9 associazioni cittadine e cittadini del territorio.<\/p>\n<p>\u00abLa valenza nazionale assunta dalla vertenza Voss e il suo positivo epilogo &#8211; conclude Scaccabarozzi &#8211; legittimano ancor pi\u00f9 quanto da sempre sostenuto dalla Cisl, ovvero la necessit\u00e0 sempre pi\u00f9 impellente, in considerazione dei profondi cambiamenti produttivi intervenuti e in continua evoluzione, di strumenti normativi di portata internazionale sia sul piano del contrasto ai comportamenti irresponsabili delle imprese multinazionali, sia in difesa del diritto di associazione sindacale e di contrattazione collettiva\u00bb.<\/p>\n","protected":false},"excerpt":{"rendered":"<p>Grazie ai lavoratori e alle lavoratrici della Voss di Osnago per la loro tenacia che ha portato a un&#8217;intesa che ha scongiurato il licenziamento di 70 persone. Il ringraziamento arriva dalla segreteria della Cisl Monza Brianza Lecco in un comunicato diffuso a margine dell&#8217;accordo per il quale i dipendenti hanno lottato per 45 giorni con [&hellip;]<\/p>\n","protected":false},"author":5,"featured_media":9092,"comment_status":"closed","ping_status":"open","sticky":false,"template":"","format":"standard","meta":{"footnotes":""},"categories":[1],"tags":[27,609,339],"class_list":{"0":"post-9368","1":"post","2":"type-post","3":"status-publish","4":"format-standard","5":"has-post-thumbnail","7":"category-notizie","8":"tag-fim","9":"tag-osnago","10":"tag-voss","11":"czr-hentry"},"_links":{"self":[{"href":"https:\/\/www.monzalecco.lombardia.cisl.it\/index.php?rest_route=\/wp\/v2\/posts\/9368","targetHints":{"allow":["GET"]}}],"collection":[{"href":"https:\/\/www.monzalecco.lombardia.cisl.it\/index.php?rest_route=\/wp\/v2\/posts"}],"about":[{"href":"https:\/\/www.monzalecco.lombardia.cisl.it\/index.php?rest_route=\/wp\/v2\/types\/post"}],"author":[{"embeddable":true,"href":"https:\/\/www.monzalecco.lombardia.cisl.it\/index.php?rest_route=\/wp\/v2\/users\/5"}],"replies":[{"embeddable":true,"href":"https:\/\/www.monzalecco.lombardia.cisl.it\/index.php?rest_route=%2Fwp%2Fv2%2Fcomments&post=9368"}],"version-history":[{"count":1,"href":"https:\/\/www.monzalecco.lombardia.cisl.it\/index.php?rest_route=\/wp\/v2\/posts\/9368\/revisions"}],"predecessor-version":[{"id":9369,"href":"https:\/\/www.monzalecco.lombardia.cisl.it\/index.php?rest_route=\/wp\/v2\/posts\/9368\/revisions\/9369"}],"wp:featuredmedia":[{"embeddable":true,"href":"https:\/\/www.monzalecco.lombardia.cisl.it\/index.php?rest_route=\/wp\/v2\/media\/9092"}],"wp:attachment":[{"href":"https:\/\/www.monzalecco.lombardia.cisl.it\/index.php?rest_route=%2Fwp%2Fv2%2Fmedia&parent=9368"}],"wp:term":[{"taxonomy":"category","embeddable":true,"href":"https:\/\/www.monzalecco.lombardia.cisl.it\/index.php?rest_route=%2Fwp%2Fv2%2Fcategories&post=9368"},{"taxonomy":"post_tag","embeddable":true,"href":"https:\/\/www.monzalecco.lombardia.cisl.it\/index.php?rest_route=%2Fwp%2Fv2%2Ftags&post=9368"}],"curies":[{"name":"wp","href":"https:\/\/api.w.org\/{rel}","templated":true}]}}