{"id":9440,"date":"2021-02-09T12:06:50","date_gmt":"2021-02-09T11:06:50","guid":{"rendered":"https:\/\/www.monzalecco.lombardia.cisl.it\/?p=9440"},"modified":"2021-02-09T12:07:35","modified_gmt":"2021-02-09T11:07:35","slug":"e-morto-marini-politico-e-sindacalista","status":"publish","type":"post","link":"https:\/\/www.monzalecco.lombardia.cisl.it\/?p=9440","title":{"rendered":"Addio a Marini, una vita tra politica e sindacato"},"content":{"rendered":"<p><strong>\u00c8 morto Franco Marini. Gi\u00e0 segretario generale della Cisl, poi ministro e presidente del Senato, \u00e8 stato una figura di spicco del mondo sindacale e politico. La segreteria della Cisl Monza Brianza Lecco si unisce al cordoglio della famiglia per la scomparsa di una figura importante della nostra organizzazione sindacale.<\/strong><\/p>\n<p>da <em>Avvenire<\/em><\/p>\n<p>Non \u00e8 riuscito a sconfiggere il Covid. A 87 anni, si \u00e8 spento Franco Marini. Era stato presidente del Senato dal 2006 al 2008, ministro del Lavoro dal &#8217;91 al 92, segretario generale della Cisl dopo Pierre Carniti dal 1985 al 1991 e segretario nazionale del Partito popolare italiano per poco meno di due anni, da gennaio &#8217;97 a ottobre &#8217;98.<\/p>\n<p>Originario di San Pio delle Camere, in provincia de L&#8217;Aquila, ha militato nell&#8217;associazionismo cattolico prima di intraprendere la carriera sindacale e politica. Si pu\u00f2 dire sia stato uno dei &#8220;padri fondatori&#8221; della Cisl moderna. Cattolico profondamente legato alla Dottrina sociale della chiesa, allievo di Mario Pastore, era stato vicesegretario con Pierre Carniti e poi segretario generale della Cisl dal luglio 1985, pochi mesi dopo la barbara uccisione da parte delle Brigate rosse dell&#8217;economista vicino alla Cisl Ezio Tarantelli. Guid\u00f2 la confederazione in un momento particolarmente difficile. Per l&#8217;attacco del terrorismo e per le divisioni interne al movimento che si erano prodotte dopo la scelta del 1984 del governo Craxi di moderare la scala mobile per frenare l&#8217;inflazione. Marini fu uno dei protagonisti della ricucitura dei rapporti tra le confederazioni dopo le divisioni sul referendum appunto del 1985.<\/p>\n<p>Ha partecipato alla stagione che ha portato alla nascita de La Margherita ed \u00e8 tra i fondatori del Partito democratico. Nel 2013 fu indicato come possibile presidente della Repubblica, ma al primo scrutinio si attest\u00f2 su un numero di voti troppo basso e la sua candidatura fu ritirata.<\/p>\n<p>Pochi istanti dopo la notizia della morte, il suo successore alla guida del Ppi, Pierluigi Castagnetti, l&#8217;ha ricordato con parole semplici significative: &#8220;Una vita spesa in difesa dei valori della libert\u00e0, della democrazia, della giustizia sociale, dell\u2019Europa. Sempre dalla parte dei pi\u00f9 deboli.Uomo integro, forte e combattente.L\u2019ultima battaglia contro l\u2019inattesa malattia l\u2019ha visto soccombere. Il Signore aveva gi\u00e0 deciso di accoglierlo tra le sue braccia&#8221;.<\/p>\n<p>\u00abFranco Marini con il suo pragmatismo, la sua storia e cultura di cattolico popolare \u00e8 stato un baluardo di democrazia, un riformista convinto, un sindacalista autorevole e saggio, sempre vicino ai lavoratori e ai pi\u00f9 deboli. E successivamente ha trasferito queste sue grandi doti umane e la sua sensibilit\u00e0 sociale alla politica e nei ruoli istitituzionali come Presidente del Senato\u00bb ha commentato l&#8217;attuale segretaria generale della Cisl Annamaria Furlan, concludendo che Marini \u00ablascia una grande eredit\u00e0 morale, sociale e culturale\u00bb.<\/p>\n","protected":false},"excerpt":{"rendered":"<p>\u00c8 morto Franco Marini. Gi\u00e0 segretario generale della Cisl, poi ministro e presidente del Senato, \u00e8 stato una figura di spicco del mondo sindacale e politico. La segreteria della Cisl Monza Brianza Lecco si unisce al cordoglio della famiglia per la scomparsa di una figura importante della nostra organizzazione sindacale. da Avvenire Non \u00e8 riuscito [&hellip;]<\/p>\n","protected":false},"author":5,"featured_media":9441,"comment_status":"closed","ping_status":"open","sticky":false,"template":"","format":"standard","meta":{"footnotes":""},"categories":[1],"tags":[623],"class_list":{"0":"post-9440","1":"post","2":"type-post","3":"status-publish","4":"format-standard","5":"has-post-thumbnail","7":"category-notizie","8":"tag-franco-marini","9":"czr-hentry"},"_links":{"self":[{"href":"https:\/\/www.monzalecco.lombardia.cisl.it\/index.php?rest_route=\/wp\/v2\/posts\/9440","targetHints":{"allow":["GET"]}}],"collection":[{"href":"https:\/\/www.monzalecco.lombardia.cisl.it\/index.php?rest_route=\/wp\/v2\/posts"}],"about":[{"href":"https:\/\/www.monzalecco.lombardia.cisl.it\/index.php?rest_route=\/wp\/v2\/types\/post"}],"author":[{"embeddable":true,"href":"https:\/\/www.monzalecco.lombardia.cisl.it\/index.php?rest_route=\/wp\/v2\/users\/5"}],"replies":[{"embeddable":true,"href":"https:\/\/www.monzalecco.lombardia.cisl.it\/index.php?rest_route=%2Fwp%2Fv2%2Fcomments&post=9440"}],"version-history":[{"count":2,"href":"https:\/\/www.monzalecco.lombardia.cisl.it\/index.php?rest_route=\/wp\/v2\/posts\/9440\/revisions"}],"predecessor-version":[{"id":9443,"href":"https:\/\/www.monzalecco.lombardia.cisl.it\/index.php?rest_route=\/wp\/v2\/posts\/9440\/revisions\/9443"}],"wp:featuredmedia":[{"embeddable":true,"href":"https:\/\/www.monzalecco.lombardia.cisl.it\/index.php?rest_route=\/wp\/v2\/media\/9441"}],"wp:attachment":[{"href":"https:\/\/www.monzalecco.lombardia.cisl.it\/index.php?rest_route=%2Fwp%2Fv2%2Fmedia&parent=9440"}],"wp:term":[{"taxonomy":"category","embeddable":true,"href":"https:\/\/www.monzalecco.lombardia.cisl.it\/index.php?rest_route=%2Fwp%2Fv2%2Fcategories&post=9440"},{"taxonomy":"post_tag","embeddable":true,"href":"https:\/\/www.monzalecco.lombardia.cisl.it\/index.php?rest_route=%2Fwp%2Fv2%2Ftags&post=9440"}],"curies":[{"name":"wp","href":"https:\/\/api.w.org\/{rel}","templated":true}]}}