{"id":9449,"date":"2021-02-10T10:50:58","date_gmt":"2021-02-10T09:50:58","guid":{"rendered":"https:\/\/www.monzalecco.lombardia.cisl.it\/?p=9449"},"modified":"2021-02-10T10:50:58","modified_gmt":"2021-02-10T09:50:58","slug":"prosetex-il-futuro-in-mano-a-marzotto","status":"publish","type":"post","link":"https:\/\/www.monzalecco.lombardia.cisl.it\/?p=9449","title":{"rendered":"Prosetex, il futuro in mano a Marzotto"},"content":{"rendered":"<p>\u00c8 una storia finita bene. La continuit\u00e0 produttiva \u00e8 stata mantenuta. Quella occupazionale pure. La Prosetex di Bulciago \u00e8 un&#8217;azienda storica del territorio lecchese. Dal 1964 produce tessuti e velluti per arredamento e ha una cinquantina di dipendenti.<\/p>\n<p>Gi\u00e0 prima della pandemia aveva mostrato segni di difficolt\u00e0. \u00abCon l&#8217;arrivo del Covid-19 &#8211; spiega Claudio Cogliati, Femca Cisl Mbl -, la situazione \u00e8 peggiorata. Come molte aziende tessili, anche la Prosetex ha avvertito il rallentamento dei mercati e la mancanza di liquidit\u00e0\u00bb. Per i dipendenti si \u00e8 aperto un periodo di cassa integrazione e di incertezza.<\/p>\n<p>Di fronte a questa situazione, viene attivata la procedura concorsuale (che porter\u00e0 poi al fallimento). \u00abNel frattempo, per\u00f2, la Marzotto Lab ha mostrato interesse per l&#8217;acquisizione &#8211; continua Cogliati -. La propriet\u00e0 ha quindi deciso di affittare il ramo d&#8217;azienda alla Marzotto Lab, una societ\u00e0 che fa parte del grande gruppo tessile di Valdagno (Vi). Ci\u00f2 ha permesso di salvare l&#8217;unit\u00e0 produttiva e garantire un futuro ai dipendenti\u00bb.<\/p>\n<p>La Marzotto Lab \u00e8 una societ\u00e0 che si occupa di fibre naturali, cotone, lino, velluto e, in generale, di tessuti per l&#8217;arredamento per la casa. Di questa realt\u00e0 fanno parte numerose aziende tra le quali la Redaelli Velluti, il Linificio e canapificio nazionale e la Tessuti di Sondrio che hanno sede in Lombardia, la Nuova Tessilbrenta e la Lanerossi Home Textile in Veneto.<\/p>\n<p>\u00abIl sito di Bulciago &#8211; conclude Cogliati &#8211; si inserisce nella linea produttiva della Marzotto Lab completando l&#8217;offerta di prodotti. L&#8217;affitto di ramo di azienda dovrebbe completarsi nel prossimi 6-9 mesi in una vera cessione. Ci\u00f2 permetter\u00e0 ai lavoratori di mantenere il posto. Un risultato che giudichiamo positivamente\u00bb.<\/p>\n","protected":false},"excerpt":{"rendered":"<p>\u00c8 una storia finita bene. La continuit\u00e0 produttiva \u00e8 stata mantenuta. Quella occupazionale pure. La Prosetex di Bulciago \u00e8 un&#8217;azienda storica del territorio lecchese. Dal 1964 produce tessuti e velluti per arredamento e ha una cinquantina di dipendenti. Gi\u00e0 prima della pandemia aveva mostrato segni di difficolt\u00e0. \u00abCon l&#8217;arrivo del Covid-19 &#8211; spiega Claudio Cogliati, [&hellip;]<\/p>\n","protected":false},"author":5,"featured_media":9450,"comment_status":"closed","ping_status":"open","sticky":false,"template":"","format":"standard","meta":{"footnotes":""},"categories":[1],"tags":[624,25,626,625],"class_list":{"0":"post-9449","1":"post","2":"type-post","3":"status-publish","4":"format-standard","5":"has-post-thumbnail","7":"category-notizie","8":"tag-bulciago","9":"tag-femca","10":"tag-marzotto","11":"tag-prosetex","12":"czr-hentry"},"_links":{"self":[{"href":"https:\/\/www.monzalecco.lombardia.cisl.it\/index.php?rest_route=\/wp\/v2\/posts\/9449","targetHints":{"allow":["GET"]}}],"collection":[{"href":"https:\/\/www.monzalecco.lombardia.cisl.it\/index.php?rest_route=\/wp\/v2\/posts"}],"about":[{"href":"https:\/\/www.monzalecco.lombardia.cisl.it\/index.php?rest_route=\/wp\/v2\/types\/post"}],"author":[{"embeddable":true,"href":"https:\/\/www.monzalecco.lombardia.cisl.it\/index.php?rest_route=\/wp\/v2\/users\/5"}],"replies":[{"embeddable":true,"href":"https:\/\/www.monzalecco.lombardia.cisl.it\/index.php?rest_route=%2Fwp%2Fv2%2Fcomments&post=9449"}],"version-history":[{"count":1,"href":"https:\/\/www.monzalecco.lombardia.cisl.it\/index.php?rest_route=\/wp\/v2\/posts\/9449\/revisions"}],"predecessor-version":[{"id":9451,"href":"https:\/\/www.monzalecco.lombardia.cisl.it\/index.php?rest_route=\/wp\/v2\/posts\/9449\/revisions\/9451"}],"wp:featuredmedia":[{"embeddable":true,"href":"https:\/\/www.monzalecco.lombardia.cisl.it\/index.php?rest_route=\/wp\/v2\/media\/9450"}],"wp:attachment":[{"href":"https:\/\/www.monzalecco.lombardia.cisl.it\/index.php?rest_route=%2Fwp%2Fv2%2Fmedia&parent=9449"}],"wp:term":[{"taxonomy":"category","embeddable":true,"href":"https:\/\/www.monzalecco.lombardia.cisl.it\/index.php?rest_route=%2Fwp%2Fv2%2Fcategories&post=9449"},{"taxonomy":"post_tag","embeddable":true,"href":"https:\/\/www.monzalecco.lombardia.cisl.it\/index.php?rest_route=%2Fwp%2Fv2%2Ftags&post=9449"}],"curies":[{"name":"wp","href":"https:\/\/api.w.org\/{rel}","templated":true}]}}