{"id":9474,"date":"2021-02-15T18:26:38","date_gmt":"2021-02-15T17:26:38","guid":{"rendered":"https:\/\/www.monzalecco.lombardia.cisl.it\/?p=9474"},"modified":"2021-02-15T18:26:38","modified_gmt":"2021-02-15T17:26:38","slug":"fim-lombardia-dolzadelli-segretario-generale","status":"publish","type":"post","link":"https:\/\/www.monzalecco.lombardia.cisl.it\/?p=9474","title":{"rendered":"Fim Lombardia, Dolzadelli segretario generale"},"content":{"rendered":"<p>Cambio al vertice della Fim Cisl Lombardia. Ad Andrea Doneg\u00e0 \u00e8 subentrato Mirko Dolzadelli. L\u2019elezione e\u0300 avvenuta questa mattina all\u2019Auditorium del Pime di Milano, dove si e\u0300 riunito il consiglio generale dell\u2019organizzazione che in Lombardia conta circa 50mila iscritti.<\/p>\n<p>\u00abDobbiamo essere consapevoli che questa delicata fase storica non ci chiede solo di essere custodi di valori fondativi e etici, quali la solidarieta\u0300, la responsabilita\u0300, l\u2019uguaglianza e liberta\u0300 &#8211; ha dichiarato il neo-segretario -. Questo tempo ci chiede di tradurli in nuove conquiste e tutele per le lavoratrici e i lavoratori metalmeccanici cosi\u0300 come e\u0300 stato fatto recentemente con il rinnovo del contratto nazionale. Perche\u0301 contrattare e\u0300 il nostro mestiere e mai come oggi la contrattazione rappresenta il miglior vaccino contro la crisi economica e sociale e come un vaccino la contrattazione soprattutto di secondo livello, si deve diffondere in tutti i territori e dentro tutti i luoghi di lavoro\u00bb.<\/p>\n<p>Sia Doneg\u00e0 sia Dolzadelli hanno ricoperto cariche nel Lecchese e in Brianza. Dolzadelli, prima di essere eletto segretario generale Fim Cisl Sondrio e poi segretario generale della Ust Cisl Sondrio, ha lavorato come operatore nell\u2019allora Fim Cisl Lecco.<\/p>\n<p>Doneg\u00e0, quando era gi\u00e0 membro della segreteria della Fim Cisl Lombardia, \u00e8 stato reggente della Fim Cisl Mbl nel biennio 2017-2018. Donega\u0300 sar\u00e0 chiamato a occuparsi di giovani e politiche migratorie in Cisl Lombardia.<\/p>\n","protected":false},"excerpt":{"rendered":"<p>Cambio al vertice della Fim Cisl Lombardia. Ad Andrea Doneg\u00e0 \u00e8 subentrato Mirko Dolzadelli. L\u2019elezione e\u0300 avvenuta questa mattina all\u2019Auditorium del Pime di Milano, dove si e\u0300 riunito il consiglio generale dell\u2019organizzazione che in Lombardia conta circa 50mila iscritti. \u00abDobbiamo essere consapevoli che questa delicata fase storica non ci chiede solo di essere custodi di [&hellip;]<\/p>\n","protected":false},"author":5,"featured_media":9476,"comment_status":"closed","ping_status":"open","sticky":false,"template":"","format":"standard","meta":{"footnotes":""},"categories":[1],"tags":[27,628],"class_list":{"0":"post-9474","1":"post","2":"type-post","3":"status-publish","4":"format-standard","5":"has-post-thumbnail","7":"category-notizie","8":"tag-fim","9":"tag-mirko-dolzadelli","10":"czr-hentry"},"_links":{"self":[{"href":"https:\/\/www.monzalecco.lombardia.cisl.it\/index.php?rest_route=\/wp\/v2\/posts\/9474","targetHints":{"allow":["GET"]}}],"collection":[{"href":"https:\/\/www.monzalecco.lombardia.cisl.it\/index.php?rest_route=\/wp\/v2\/posts"}],"about":[{"href":"https:\/\/www.monzalecco.lombardia.cisl.it\/index.php?rest_route=\/wp\/v2\/types\/post"}],"author":[{"embeddable":true,"href":"https:\/\/www.monzalecco.lombardia.cisl.it\/index.php?rest_route=\/wp\/v2\/users\/5"}],"replies":[{"embeddable":true,"href":"https:\/\/www.monzalecco.lombardia.cisl.it\/index.php?rest_route=%2Fwp%2Fv2%2Fcomments&post=9474"}],"version-history":[{"count":1,"href":"https:\/\/www.monzalecco.lombardia.cisl.it\/index.php?rest_route=\/wp\/v2\/posts\/9474\/revisions"}],"predecessor-version":[{"id":9477,"href":"https:\/\/www.monzalecco.lombardia.cisl.it\/index.php?rest_route=\/wp\/v2\/posts\/9474\/revisions\/9477"}],"wp:featuredmedia":[{"embeddable":true,"href":"https:\/\/www.monzalecco.lombardia.cisl.it\/index.php?rest_route=\/wp\/v2\/media\/9476"}],"wp:attachment":[{"href":"https:\/\/www.monzalecco.lombardia.cisl.it\/index.php?rest_route=%2Fwp%2Fv2%2Fmedia&parent=9474"}],"wp:term":[{"taxonomy":"category","embeddable":true,"href":"https:\/\/www.monzalecco.lombardia.cisl.it\/index.php?rest_route=%2Fwp%2Fv2%2Fcategories&post=9474"},{"taxonomy":"post_tag","embeddable":true,"href":"https:\/\/www.monzalecco.lombardia.cisl.it\/index.php?rest_route=%2Fwp%2Fv2%2Ftags&post=9474"}],"curies":[{"name":"wp","href":"https:\/\/api.w.org\/{rel}","templated":true}]}}