{"id":9556,"date":"2021-03-01T17:52:42","date_gmt":"2021-03-01T16:52:42","guid":{"rendered":"https:\/\/www.monzalecco.lombardia.cisl.it\/?p=9556"},"modified":"2021-03-01T18:02:16","modified_gmt":"2021-03-01T17:02:16","slug":"tessile-la-pandemia-picchia-duro","status":"publish","type":"post","link":"https:\/\/www.monzalecco.lombardia.cisl.it\/?p=9556","title":{"rendered":"Tessile, la pandemia picchia duro"},"content":{"rendered":"<p>La crisi dovuta alla pandemia mette a rischio \u00abfino al 30% della forza lavoro\u00bb nel settore del tessile in Italia. Sono le previsioni unitarie delle categorie di Cgil, Cisl e Uil, che si augurano di \u00abessere smentite\u00bb dai fatti. Per far fronte a questa situazione i sindacati ritengono necessario \u00abinvestire sulle aziende per una vera e propria riconversione industriale\u00bb, spiega il segretario generale della Femca Cisl Lombardia, Paolo Ronchi.<\/p>\n<p>\u00abNella sola Lombardia, la seconda regione manifatturiera d\u2019Europa &#8211; osserva &#8211; abbiamo stimato un rischio del 20% per il tessile e tra il 4 e il 10% per le altre categorie che rappresentiamo, la chimica, la farmaceutica, la gomma-plastica, la cosmesi e il vetro\u00bb. Ci sono situazioni che vanno bene, come il settore farmaceutico, che ha chiuso il 2020 con un lieve calo per via dei forti acquisti registrati a inizio anno per riempire i magazzini, ma \u00abbisogna intervenire sulle aziende &#8211; afferma Ronchi &#8211; e accompagnarle in un percorso di cambiamento che possa portare una prospettiva di sviluppo\u00bb.<\/p>\n<p>\u00abAnche le aziende con poche prospettive vanno riaccompagnate verso un percorso di riqualificazione &#8211; conclude Ronchi &#8211; e per farlo ci vogliono la fabbrica, le imprese ma anche la riqualificazione del personale e ora che ci sono i fondi non possiamo perdere questa occasione\u00bb.<\/p>\n<p>Nel Lecchese la crisi del tessile \u00e8 meno avvertita. \u00abDopo l&#8217;uscita dal comparto delle tessiture per abbigliamento &#8211; spiega Massimo Ferni, Femca Cisl Mbl -, nella nostra provincia il settore \u00e8 composto in maggior parte da tessiture che producono per l&#8217;arredamento. In questi mesi, gli ordini non sono mancati e possiamo dire che il comparto stia tenendo. Qualche problema c\u2019\u00e8, ma complessivamente l&#8217;impatto della crisi covid-19 non \u00e8 stato cos\u00ec duro come si poteva temere nei mesi scorsi\u00bb.<\/p>\n<p>Anche Brianza, come nel Lecchese, il tessile-arredamento (divani, sedie, ecc.) ha tenuto. \u00abIn questo comparto non abbiamo gravi problemi \u2013 spiega Cogliati -. Le aziende hanno continuato a lavorare e i prodotti sono stati venduti. A parte alcuni casi limitati, non possiamo parlare di crisi\u00bb.<\/p>\n<p>Diversa la situazione per il tessile-abbigliamento dove la situazione \u00e8 molto delicata. \u00abIl comparto dei capispalla (giacche, maglioni, camicie, ecc.) &#8211; osserva Tiziano Cogliati Femca Cisl Mbl \u2013 ha risentito parecchio della crisi legata alla pandemia di coronavirus. Lo <em>smart-working<\/em> ha costretto le persone a casa. Chi lavora a casa \u00e8 meno incentivato ad acquistare vestiti nuovi. Se a ci\u00f2 aggiungiamo il fatto che i negozi di abbigliamento non sono rimasti aperti, il quadro si complica. Nel 2020, abbiamo stimato un calo medio del 30% del fatturato. In Brianza, il settore tessile-abbigliamento \u00e8 ancora forte e vanta realt\u00e0 di tutto rispetto come Colmar, Fedeli, Canali. Ancora pi\u00f9 critica la situazione delle lavanderie industriali. Queste ultime hanno risentito fortemente della chiusura di alberghi e ristoranti. Qui il calo del fatturato \u00e8 stimato nel 50%.<\/p>\n<p>\u00abIl timore &#8211; conclude Cogliati &#8211; \u00e8 che con la fine del blocco dei licenziamenti ci possano essere ricadute sui dipendenti. Noi, come sindacato, lavoreremo per sostenere i livelli occupazionali attuali tutelando al massimo i lavoratori\u00bb.<\/p>\n","protected":false},"excerpt":{"rendered":"<p>La crisi dovuta alla pandemia mette a rischio \u00abfino al 30% della forza lavoro\u00bb nel settore del tessile in Italia. Sono le previsioni unitarie delle categorie di Cgil, Cisl e Uil, che si augurano di \u00abessere smentite\u00bb dai fatti. Per far fronte a questa situazione i sindacati ritengono necessario \u00abinvestire sulle aziende per una vera [&hellip;]<\/p>\n","protected":false},"author":5,"featured_media":7067,"comment_status":"closed","ping_status":"open","sticky":false,"template":"","format":"standard","meta":{"footnotes":""},"categories":[1],"tags":[25,636],"class_list":{"0":"post-9556","1":"post","2":"type-post","3":"status-publish","4":"format-standard","5":"has-post-thumbnail","7":"category-notizie","8":"tag-femca","9":"tag-tessile","10":"czr-hentry"},"_links":{"self":[{"href":"https:\/\/www.monzalecco.lombardia.cisl.it\/index.php?rest_route=\/wp\/v2\/posts\/9556","targetHints":{"allow":["GET"]}}],"collection":[{"href":"https:\/\/www.monzalecco.lombardia.cisl.it\/index.php?rest_route=\/wp\/v2\/posts"}],"about":[{"href":"https:\/\/www.monzalecco.lombardia.cisl.it\/index.php?rest_route=\/wp\/v2\/types\/post"}],"author":[{"embeddable":true,"href":"https:\/\/www.monzalecco.lombardia.cisl.it\/index.php?rest_route=\/wp\/v2\/users\/5"}],"replies":[{"embeddable":true,"href":"https:\/\/www.monzalecco.lombardia.cisl.it\/index.php?rest_route=%2Fwp%2Fv2%2Fcomments&post=9556"}],"version-history":[{"count":2,"href":"https:\/\/www.monzalecco.lombardia.cisl.it\/index.php?rest_route=\/wp\/v2\/posts\/9556\/revisions"}],"predecessor-version":[{"id":9558,"href":"https:\/\/www.monzalecco.lombardia.cisl.it\/index.php?rest_route=\/wp\/v2\/posts\/9556\/revisions\/9558"}],"wp:featuredmedia":[{"embeddable":true,"href":"https:\/\/www.monzalecco.lombardia.cisl.it\/index.php?rest_route=\/wp\/v2\/media\/7067"}],"wp:attachment":[{"href":"https:\/\/www.monzalecco.lombardia.cisl.it\/index.php?rest_route=%2Fwp%2Fv2%2Fmedia&parent=9556"}],"wp:term":[{"taxonomy":"category","embeddable":true,"href":"https:\/\/www.monzalecco.lombardia.cisl.it\/index.php?rest_route=%2Fwp%2Fv2%2Fcategories&post=9556"},{"taxonomy":"post_tag","embeddable":true,"href":"https:\/\/www.monzalecco.lombardia.cisl.it\/index.php?rest_route=%2Fwp%2Fv2%2Ftags&post=9556"}],"curies":[{"name":"wp","href":"https:\/\/api.w.org\/{rel}","templated":true}]}}