{"id":9587,"date":"2021-03-03T13:11:28","date_gmt":"2021-03-03T12:11:28","guid":{"rendered":"https:\/\/www.monzalecco.lombardia.cisl.it\/?p=9587"},"modified":"2021-03-05T13:29:27","modified_gmt":"2021-03-05T12:29:27","slug":"luigi-sbarra-alla-guida-della-cisl","status":"publish","type":"post","link":"https:\/\/www.monzalecco.lombardia.cisl.it\/?p=9587","title":{"rendered":"Luigi Sbarra alla guida della Cisl"},"content":{"rendered":"<p>\u00abCare amiche, cari amici, termina oggi questo tratto di strada lungo 7 anni vissuti insieme , Anni intensi, faticosi ma entusiasmanti, contraddistinti da un impegno continuo e su pi\u00f9 fronti. Non ci \u00e8 dato di scegliere il tempo nel quale vivere, n\u00e9 i problemi con i quali misurarci; possiamo solo decidere quale strada percorrere. Ed io l\u2019ho percorsa con voi con gioia\u00bb.<\/p>\n<p>Cos\u00ec la segretaria generale della Cisl, Annamaria Furlan al Consiglio generale Cisl oggi a Roma al Palazzo dei Congressi, per la nomina del suo successore Luigi Sbarra, eletto con 168 voti favorevoli su 173 votanti (5 schede bianche). In apertura dei lavori il ricordo in un video dell\u2019ex segretario generale Franco Marini, scomparso il 9 febbraio scorso, con immagini di una vita trascorsa nella Cisl, accanto ai lavoratori, nel segno della contrattazione, una scheda biografica curata da Aldo Carera, presidente della Fondazione Pastore. A testimonianza del legame indissolubile tra la Cisl e Franco Marini la consegna di una targa al figlio Davide e al fratello Sandro da parte di Annamaria Furlan e Luigi Sbarra, quale ringraziamento per quanto ha dato e continua a dare al sindacato.<\/p>\n<p>\u00abTanti di questi sindacalisti e sindacaliste sono frutto dell\u2019insegnamento di Franco Marini che ci ha seguito passo passo nell\u2019organizzazione della delegazione. Il popolo della Cisl si riconosce in Franco &#8211; ha detto Furlan -. Non ci ha mai perso di vista in un grande rispetto del ruolo e dell\u2019autonomia. Trovava il modo, nella riservatezza, di farsi sempre sentire la sua vicinanza, amicizia e affetto. Ci legava un grande affetto e una grande amicizia\u00bb.<\/p>\n<p>\u00abHo avuto anche tante soddisfazioni in questi 7 anni, condivise con tutti voi. Ho visto la Cisl crescere in consenso e rinnovi Rsu, nel pubblico e nel privato, delegate e delegati consapevoli della forza della loro militanza al servizio della Cisl\u00bb. Ha proseguito Furlan ricordando le battaglie sindacali condotte durante il suo mandato alla guida della confederazione e gli eventi tragici che in questi anni hanno colpito l\u2019Italia e il mondo, dai terremoti agli attacchi terroristici in alcune capitali europee ma anche la crisi dell\u2019economia e ora la pandemia che ha sconvolto il mondo: \u00abIl 2020 ci ha cambiato, ci ha cambiato per sempre. I carri di Bergamo resteranno con noi tutta la vita\u00bb ha detto. Ha poi sollecitato una \u00abpolitica europea di accoglienza\u00bb dei tanti migranti che scappano dalle guerre e dalla miseria. Mutano le condizioni e gli strumenti ma non i valori che rimangono, che sono quelli scolpiti nel nostro statuto.<\/p>\n<p>Nell\u2019indicare poi Luigi Sbarra come suo successore ha tenuto a dire: \u00abConosco Gigi da tanti anni e ne ho sempre ammirato il coraggio, la seriet\u00e0 e l\u2019umanit\u00e0. Sar\u00e0 un ottimo segretario e da tempo condividiamo la guida della Cisl, il lavoro, la persona, la solidariet\u00e0 e la giustizia sociale sono e restano i nostri valori. Oggi corono il sogno di ogni segretario , passare il testimone in mani sicure. La pi\u00f9 grande soddisfazione \u00e8 quella di candidare ora Luigi Sbarra segretario generale della Cisl. Grazie Gigi per quello che farai per la nostra Cisl e il popolo del lavoro\u00bb, ha concluso Annamaria Furlan.<\/p>\n<p>\u00abGrazie per la vostra fiducia. Per l\u2019amicizia e l\u2019affetto che mi state dimostrando. Grazie per l\u2019immenso onore che mi fate. Mai avrei creduto, e nemmeno sognato, quando da giovane mi innamorai dell\u2019attivit\u00e0 sindacale, di poter essere eletto, un giorno\u00bb. \u00c8 con queste parole che Luigi Sbarra, al termine delle votazioni che lo hanno eletto alla guida della confederazione di Via Po\u2019 si \u00e8 rivolto alla platea dei delegati. \u00abQuesti ultimi giorni sono stati di grande emozione per me. Ma anche di tristezza. Una tristezza condivisa con tutti voi, per non avere qui, oggi un grande uomo che ha fatto tanto per la Cisl, per il sindacalismo italiano, per il Paese\u00bb, ha aggiunto ricordando la figura di Franco Marini. \u00abLa sua scomparsa lascia un vuoto incolmabile. Se ne \u00e8 andato un amico, un padre nobile, un grande orgoglio per la nostra organizzazione, e una vera Riserva dello Stato. Un uomo che ha reso pi\u00f9 forte la democrazia italiana, dedicando l\u2019intera vita alla difesa dei lavoratori, ai pi\u00f9 deboli, alla costruzione del bene comune. Un mediatore infaticabile, di lui mancher\u00e0 tutto. L\u2019apparente bruschezza dei modi, che nascondeva un carattere dolce, umile, umano. La capacit\u00e0 di leggere le complessit\u00e0 e di assumere decisioni giuste, lontane dalle sirene del populismo e della demagogia. La concretezza e la propensione a disinnescare conflitti e a edificare concordia. Sono virt\u00f9 che tanto servirebbero a chi abita i palazzi della politica di oggi. Valori e insegnamenti che, dopo la grande stagione della concertazione, si sono affievoliti a vantaggio di una deriva personalistica e di una disintermediazione che ha creato 20 anni di stallo delle riforme. Ci mancher\u00e0, Franco. Ma continueremo a farlo vivere ogni giorno, con il nostro lavoro, sperando di esserne all\u2019altezza\u00bb, ha sottolineato Sbarra confessando che mai avrebbe immaginato \u00abdi poter raccogliere il testimone di grandi \u201ccostruttori di futuro\u201d come lui, come Giulio Pastore, Bruno Storti, Pierre Carniti, Sergio d\u2019Antoni\u2026 come te, Annamaria. A te va il senso pi\u00f9 profondo della mia gratitudine\u00bb.<\/p>\n<p>\u00abGrazie soprattutto per aver permesso alla Cisl, con la tua guida, di arrivare dove \u00e8 oggi. Un grande sindacato associazione, con i piedi ben piantati nel terreno dell\u2019autonomia e della contrattazione. Un sindacato \u201cdel fare\u201d, riformatore, rinnovato, ma radicato fortemente nei valori che ne hanno ispirato la nascita e l\u2019azione\u201d ha proseguito rivolgendosi ancora alla segretaria uscente. \u201cCi hai davvero portati dentro il nuovo secolo, Annamaria. Per di pi\u00f9 sei riuscita a farlo in tempi eccezionali e drammatici. Sulle macerie di una crisi di sistema che nel 2011 aveva fatto tremare le fondamenta del Paese, rendendo visibili i punti deboli del nostro paradigma di crescita e dell\u2019incompleto processo di unificazione comunitaria. Da convinta europeista hai promosso le ragioni di una Unione pi\u00f9 democratica, coesa, vicina ai cittadini. Un\u2019Europa dei popoli e del lavoro, una federazione che parlasse con voce unica, autorevole, solidale alle esigenze reali delle persone. Sei riuscita, siamo riusciti, a raggiungere approdi sicuri muovendoci tra le insidie di modelli culturali d\u2019assalto, sventolanti l\u2019insegna falsamente moderna di una illusoria disintermediazione. Non era facile e non era scontato smontare la logica assurda e sbagliata dell\u2019uomo solo al comando, con corpi intermedi isolati, messi all\u2019angolo, marginalizzati nel ruolo e nella legittima funzione di rappresentanza degli interessi dei lavoratori e dei pensionati in questo Paese. e parlasse con voce unica, autorevole, solidale alle esigenze reali delle persone\u201d\u00bb. \u00abEcco, se noi abbiamo superato tante insidie e siamo andati cos\u00ec avanti, in questi anni, \u00e8 perch\u00e9 tu sei stata, per lo straordinario equipaggio di militanti, di delegati, di quadri e dirigenti che formano la comunit\u00e0 della Cisl, timone e vela ineguagliabili. Perch\u00e9 sei stata, e sei, uno speciale insieme di ragione e di passione. Di intelligenza e di cuore. Il cuore grande di una donna coerente, coraggiosa e lungimirante. Doti che ti hanno permesso di individuare la rotta giusta e di indicarla a tutti noi. Ti abbiamo seguito, tutta la Cisl ti ha seguito\u00bb, ha concluso il neosegretario.<\/p>\n","protected":false},"excerpt":{"rendered":"<p>\u00abCare amiche, cari amici, termina oggi questo tratto di strada lungo 7 anni vissuti insieme , Anni intensi, faticosi ma entusiasmanti, contraddistinti da un impegno continuo e su pi\u00f9 fronti. Non ci \u00e8 dato di scegliere il tempo nel quale vivere, n\u00e9 i problemi con i quali misurarci; possiamo solo decidere quale strada percorrere. Ed [&hellip;]<\/p>\n","protected":false},"author":5,"featured_media":9588,"comment_status":"closed","ping_status":"open","sticky":false,"template":"","format":"standard","meta":{"footnotes":""},"categories":[1],"tags":[638],"class_list":{"0":"post-9587","1":"post","2":"type-post","3":"status-publish","4":"format-standard","5":"has-post-thumbnail","7":"category-notizie","8":"tag-luigi-sbarra","9":"czr-hentry"},"_links":{"self":[{"href":"https:\/\/www.monzalecco.lombardia.cisl.it\/index.php?rest_route=\/wp\/v2\/posts\/9587","targetHints":{"allow":["GET"]}}],"collection":[{"href":"https:\/\/www.monzalecco.lombardia.cisl.it\/index.php?rest_route=\/wp\/v2\/posts"}],"about":[{"href":"https:\/\/www.monzalecco.lombardia.cisl.it\/index.php?rest_route=\/wp\/v2\/types\/post"}],"author":[{"embeddable":true,"href":"https:\/\/www.monzalecco.lombardia.cisl.it\/index.php?rest_route=\/wp\/v2\/users\/5"}],"replies":[{"embeddable":true,"href":"https:\/\/www.monzalecco.lombardia.cisl.it\/index.php?rest_route=%2Fwp%2Fv2%2Fcomments&post=9587"}],"version-history":[{"count":1,"href":"https:\/\/www.monzalecco.lombardia.cisl.it\/index.php?rest_route=\/wp\/v2\/posts\/9587\/revisions"}],"predecessor-version":[{"id":9589,"href":"https:\/\/www.monzalecco.lombardia.cisl.it\/index.php?rest_route=\/wp\/v2\/posts\/9587\/revisions\/9589"}],"wp:featuredmedia":[{"embeddable":true,"href":"https:\/\/www.monzalecco.lombardia.cisl.it\/index.php?rest_route=\/wp\/v2\/media\/9588"}],"wp:attachment":[{"href":"https:\/\/www.monzalecco.lombardia.cisl.it\/index.php?rest_route=%2Fwp%2Fv2%2Fmedia&parent=9587"}],"wp:term":[{"taxonomy":"category","embeddable":true,"href":"https:\/\/www.monzalecco.lombardia.cisl.it\/index.php?rest_route=%2Fwp%2Fv2%2Fcategories&post=9587"},{"taxonomy":"post_tag","embeddable":true,"href":"https:\/\/www.monzalecco.lombardia.cisl.it\/index.php?rest_route=%2Fwp%2Fv2%2Ftags&post=9587"}],"curies":[{"name":"wp","href":"https:\/\/api.w.org\/{rel}","templated":true}]}}