{"id":9655,"date":"2021-03-14T09:28:14","date_gmt":"2021-03-14T08:28:14","guid":{"rendered":"https:\/\/www.monzalecco.lombardia.cisl.it\/?p=9655"},"modified":"2021-03-14T09:28:14","modified_gmt":"2021-03-14T08:28:14","slug":"incidenti-sul-lavoro-tragedia-infinita","status":"publish","type":"post","link":"https:\/\/www.monzalecco.lombardia.cisl.it\/?p=9655","title":{"rendered":"Incidenti sul lavoro, tragedia infinita"},"content":{"rendered":"<p>Due operai sono morti nel crollo di un edificio nel centro storico di San Pio delle Camere (L\u2019Aquila) nell\u2019ambito di un intervento di ricostruzione di uno stabile danneggiato dal terremoto del 2009. I soccorritori avevano sentito dei lamenti e avevano sperato di poterli salvare ma purtroppo non \u00e8 stato possibile.<\/p>\n<p>Quella delle morti bianche \u00e8 una tragedia che tocca anche i nostri territori. Nel 2020 in Brianza i casi sono stati 6.939 incidenti sul lavoro con 8 mortali (contro i 7.515 e 14 morti nel 2019). Nel lecchese, 2.942 (8 mortali) contro 3.417 (5 mortali). \u00abLa riduzione \u00e8 positiva \u2013 osserva Enzo Mesagna, segreteria Cisl Mbl -, ma va considerato che, soprattutto nella scorsa primavera, le ore lavorate sono state decisamente inferiori a quelle dello stesso periodo dell\u2019anno prima. Ci\u00f2 fa s\u00ec che, in termini reali, la riduzione sia decisamente inferiore a quanto appaia\u00bb.<\/p>\n<p>Stesso discorso sul fronte delle malattie professionali. In Brianza le denunce sono state 172 contro le 221 dell\u2019anno precedente e nel Lecchese 54 rispetto alle 54 nel 2019. \u00abAnche in questo caso \u2013 continua Mesagna \u2013 non c\u2019\u00e8 molto da gioire. Questo tipo di denuncia va infatti presentata con il rapporto di lavoro in corso. Quindi molti lavoratori rinunciano a presentarla per non entrare in conflitto con il datore di lavoro. Anche in questo caso, quindi, la realt\u00e0 \u00e8 pi\u00f9 preoccupante di quanto appaia dai numeri\u00bb.<\/p>\n","protected":false},"excerpt":{"rendered":"<p>Due operai sono morti nel crollo di un edificio nel centro storico di San Pio delle Camere (L\u2019Aquila) nell\u2019ambito di un intervento di ricostruzione di uno stabile danneggiato dal terremoto del 2009. I soccorritori avevano sentito dei lamenti e avevano sperato di poterli salvare ma purtroppo non \u00e8 stato possibile. Quella delle morti bianche \u00e8 [&hellip;]<\/p>\n","protected":false},"author":5,"featured_media":2713,"comment_status":"closed","ping_status":"open","sticky":false,"template":"","format":"standard","meta":{"footnotes":""},"categories":[1],"tags":[368],"class_list":{"0":"post-9655","1":"post","2":"type-post","3":"status-publish","4":"format-standard","5":"has-post-thumbnail","7":"category-notizie","8":"tag-incidenti","9":"czr-hentry"},"_links":{"self":[{"href":"https:\/\/www.monzalecco.lombardia.cisl.it\/index.php?rest_route=\/wp\/v2\/posts\/9655","targetHints":{"allow":["GET"]}}],"collection":[{"href":"https:\/\/www.monzalecco.lombardia.cisl.it\/index.php?rest_route=\/wp\/v2\/posts"}],"about":[{"href":"https:\/\/www.monzalecco.lombardia.cisl.it\/index.php?rest_route=\/wp\/v2\/types\/post"}],"author":[{"embeddable":true,"href":"https:\/\/www.monzalecco.lombardia.cisl.it\/index.php?rest_route=\/wp\/v2\/users\/5"}],"replies":[{"embeddable":true,"href":"https:\/\/www.monzalecco.lombardia.cisl.it\/index.php?rest_route=%2Fwp%2Fv2%2Fcomments&post=9655"}],"version-history":[{"count":1,"href":"https:\/\/www.monzalecco.lombardia.cisl.it\/index.php?rest_route=\/wp\/v2\/posts\/9655\/revisions"}],"predecessor-version":[{"id":9656,"href":"https:\/\/www.monzalecco.lombardia.cisl.it\/index.php?rest_route=\/wp\/v2\/posts\/9655\/revisions\/9656"}],"wp:featuredmedia":[{"embeddable":true,"href":"https:\/\/www.monzalecco.lombardia.cisl.it\/index.php?rest_route=\/wp\/v2\/media\/2713"}],"wp:attachment":[{"href":"https:\/\/www.monzalecco.lombardia.cisl.it\/index.php?rest_route=%2Fwp%2Fv2%2Fmedia&parent=9655"}],"wp:term":[{"taxonomy":"category","embeddable":true,"href":"https:\/\/www.monzalecco.lombardia.cisl.it\/index.php?rest_route=%2Fwp%2Fv2%2Fcategories&post=9655"},{"taxonomy":"post_tag","embeddable":true,"href":"https:\/\/www.monzalecco.lombardia.cisl.it\/index.php?rest_route=%2Fwp%2Fv2%2Ftags&post=9655"}],"curies":[{"name":"wp","href":"https:\/\/api.w.org\/{rel}","templated":true}]}}