{"id":9825,"date":"2021-04-07T10:20:53","date_gmt":"2021-04-07T08:20:53","guid":{"rendered":"https:\/\/www.monzalecco.lombardia.cisl.it\/?p=9825"},"modified":"2021-04-07T10:25:46","modified_gmt":"2021-04-07T08:25:46","slug":"agricoli-presidio-a-monza","status":"publish","type":"post","link":"https:\/\/www.monzalecco.lombardia.cisl.it\/?p=9825","title":{"rendered":"Lavoratori agricoli, presidio a Monza"},"content":{"rendered":"<p>Dimenticati. Nessun sostegno. Nessun diritto. Ecco come si sentono i lavoratori del settore agricolo. \u00abLe lavoratrici e i lavoratori stagionali impegnati negli agriturismi e nel settore florovivaistico \u2013 spiega Stefano Bosisio, Fai Cisl Mbl \u2013 nel 2020, a causa del covid-19, hanno perso migliaia di ore di lavoro. L&#8217;emergenza sanitaria, ancora in corso, ha fatto precipitare la maggior parte dei lavoratori coinvolti e le loro famiglie in una situazione di povert\u00e0. Nonostante questo sono stati esclusi dal decreto sostegni\u00bb. Proprio per far sentire la loro voce, sabato 10 aprile, Fai Cisl, Flai Cgil e Uila Uil hanno organizzato un presidio davanti alla Prefettura di Monza, in via Carlo Prina 17 (ore 13-14,30).<\/p>\n<p>In Brianza e nel Lecchese, zone fortemente industrializzate, il settore agricolo si \u00e8 specializzato nei comparti agriturismo e florovivaismo. Finora per questi settori non sono stati previsti aiuti ai lavoratori. \u00abA ci\u00f2 va aggiunto &#8211; continua Bosisio &#8211; che i lavoratori agricoli sono gi\u00e0 penalizzati dal fatto di avere un&#8217;indennit\u00e0 di disoccupazione che si basa sulle ore pagate l&#8217;anno precedente (con un minimo di 50 ore) e di non aver avuto bonus economici anche se si tratta di stagionali\u00bb.<\/p>\n<p>La categoria pi\u00f9 penalizzata \u00e8 quella dei lavoratori degli agriturismi. Pur svolgendo un lavoro molto simile a quello dei lavoratori del turismo, non hanno avuto alcun sostegno. Anzi, molti di essi hanno perso il lavoro e ora si trovano senza l&#8217;indennit\u00e0 di disoccupazione e senza cassa integrazione che, diversamente da quanto avviene nel settore industria, riguarda solo operai, impiegati e quadri a tempo indeterminato.<\/p>\n<p>\u00abLa situazione \u00e8 delicata \u2013 osserva Bosisio -. Ormai molti lavoratori sono senza lavoro e senza alcun reddito. Come sindacato chiediamo che anche il settore agricolo sia inserito nel decreto sostegni. Per questo motivo terremo il presidio per rivendicare i diritti di un comparto che finora \u00e8 stato penalizzato nonostante abbia subito, come gli altri, l&#8217;impatto della pandemia\u00bb.<\/p>\n","protected":false},"excerpt":{"rendered":"<p>Dimenticati. Nessun sostegno. Nessun diritto. Ecco come si sentono i lavoratori del settore agricolo. \u00abLe lavoratrici e i lavoratori stagionali impegnati negli agriturismi e nel settore florovivaistico \u2013 spiega Stefano Bosisio, Fai Cisl Mbl \u2013 nel 2020, a causa del covid-19, hanno perso migliaia di ore di lavoro. L&#8217;emergenza sanitaria, ancora in corso, ha fatto [&hellip;]<\/p>\n","protected":false},"author":5,"featured_media":9826,"comment_status":"closed","ping_status":"open","sticky":false,"template":"","format":"standard","meta":{"footnotes":""},"categories":[1],"tags":[654,68,653],"class_list":{"0":"post-9825","1":"post","2":"type-post","3":"status-publish","4":"format-standard","5":"has-post-thumbnail","7":"category-notizie","8":"tag-agriturismo","9":"tag-fai","10":"tag-florovivaisti","11":"czr-hentry"},"_links":{"self":[{"href":"https:\/\/www.monzalecco.lombardia.cisl.it\/index.php?rest_route=\/wp\/v2\/posts\/9825","targetHints":{"allow":["GET"]}}],"collection":[{"href":"https:\/\/www.monzalecco.lombardia.cisl.it\/index.php?rest_route=\/wp\/v2\/posts"}],"about":[{"href":"https:\/\/www.monzalecco.lombardia.cisl.it\/index.php?rest_route=\/wp\/v2\/types\/post"}],"author":[{"embeddable":true,"href":"https:\/\/www.monzalecco.lombardia.cisl.it\/index.php?rest_route=\/wp\/v2\/users\/5"}],"replies":[{"embeddable":true,"href":"https:\/\/www.monzalecco.lombardia.cisl.it\/index.php?rest_route=%2Fwp%2Fv2%2Fcomments&post=9825"}],"version-history":[{"count":3,"href":"https:\/\/www.monzalecco.lombardia.cisl.it\/index.php?rest_route=\/wp\/v2\/posts\/9825\/revisions"}],"predecessor-version":[{"id":9829,"href":"https:\/\/www.monzalecco.lombardia.cisl.it\/index.php?rest_route=\/wp\/v2\/posts\/9825\/revisions\/9829"}],"wp:featuredmedia":[{"embeddable":true,"href":"https:\/\/www.monzalecco.lombardia.cisl.it\/index.php?rest_route=\/wp\/v2\/media\/9826"}],"wp:attachment":[{"href":"https:\/\/www.monzalecco.lombardia.cisl.it\/index.php?rest_route=%2Fwp%2Fv2%2Fmedia&parent=9825"}],"wp:term":[{"taxonomy":"category","embeddable":true,"href":"https:\/\/www.monzalecco.lombardia.cisl.it\/index.php?rest_route=%2Fwp%2Fv2%2Fcategories&post=9825"},{"taxonomy":"post_tag","embeddable":true,"href":"https:\/\/www.monzalecco.lombardia.cisl.it\/index.php?rest_route=%2Fwp%2Fv2%2Ftags&post=9825"}],"curies":[{"name":"wp","href":"https:\/\/api.w.org\/{rel}","templated":true}]}}