{"id":9830,"date":"2021-04-07T10:40:40","date_gmt":"2021-04-07T08:40:40","guid":{"rendered":"https:\/\/www.monzalecco.lombardia.cisl.it\/?p=9830"},"modified":"2021-04-08T18:08:20","modified_gmt":"2021-04-08T16:08:20","slug":"ial-corsi-per-cassaintegrati","status":"publish","type":"post","link":"https:\/\/www.monzalecco.lombardia.cisl.it\/?p=9830","title":{"rendered":"Ial, ecco i nuovi corsi per cassaintegrati"},"content":{"rendered":"<p>Proseguono i corsi di formazione organizzati da<strong><a href=\"https:\/\/www.ialombardia.it\/\">\u00a0Ial Lombardia<\/a><\/strong> per i lavoratori sospesi in cassa integrazione con causale Covid-19.<\/p>\n<p>La formazione durante i periodi di cassa integrazione \u00e8 un\u2019importante opportunit\u00e0 di crescita professionale per i lavoratori lombardi. Le opportunit\u00e0 proposte da Ial, inoltre, non prevedono alcun costo n\u00e9 a carico del lavoratore n\u00e9 a carico dell\u2019impresa in quanto finanziate attraverso Dote Unica Lavoro Fascia 5<\/p>\n<p>A queste offerte formative i lavoratori possono accedere liberamente, in base al fabbisogno professionale e personale, senza il coinvolgimento dell\u2019impresa. Tutta l\u2019offerta formativa \u00e8 organizzata in modalit\u00e0 a distanza, cos\u00ec da consentire un accesso agile anche in questo momento di restrizioni a causa della pandemia.<\/p>\n<p>Di seguito il\u00a0<strong>catalogo dei corsi\u00a0<\/strong>di formazione e la<strong>\u00a0tabella dei corsi in partenza gi\u00e0 nelle prime settimane di aprile<\/strong>.<\/p>\n<p>Tutte le sedi Ial in Lombardia [<a href=\"https:\/\/www.ialombardia.it\/chi-siamo\" target=\"_blank\" rel=\"noreferrer noopener\"><strong>QUI l\u2019elenco completo con indirizzi, recapiti telefonici e mail<\/strong><\/a>] sono a disposizione per fornire informazioni, documentazione e approfondimenti.<\/p>\n<div class=\"wp-block-file\"><a href=\"https:\/\/www.lombardia.cisl.it\/wp-content\/uploads\/2021\/04\/Corsi-Fascia-5-in-partenza-IAL-LOMBARDIA-2.pdf\"><strong>Corsi Fascia 5 in partenza IAL Lombardia<\/strong><\/a>\u00a0 \u00a0<a class=\"wp-block-file__button\" href=\"https:\/\/www.lombardia.cisl.it\/wp-content\/uploads\/2021\/04\/Corsi-Fascia-5-in-partenza-IAL-LOMBARDIA-2.pdf\" download=\"\">Download<\/a><\/div>\n<div class=\"wp-block-file\"><a href=\"https:\/\/www.lombardia.cisl.it\/wp-content\/uploads\/2021\/04\/Corsi-di-formazione-per-lavoratori-in-cassa-integrazione-Co.pdf\"><strong>Corsi di formazione per lavoratori in cassa integrazione Covid<\/strong><\/a> \u00a0 \u00a0<a class=\"wp-block-file__button\" href=\"https:\/\/www.lombardia.cisl.it\/wp-content\/uploads\/2021\/04\/Corsi-di-formazione-per-lavoratori-in-cassa-integrazione-Co.pdf\" download=\"\">Download<\/a><\/div>\n","protected":false},"excerpt":{"rendered":"<p>Proseguono i corsi di formazione organizzati da\u00a0Ial Lombardia per i lavoratori sospesi in cassa integrazione con causale Covid-19. La formazione durante i periodi di cassa integrazione \u00e8 un\u2019importante opportunit\u00e0 di crescita professionale per i lavoratori lombardi. Le opportunit\u00e0 proposte da Ial, inoltre, non prevedono alcun costo n\u00e9 a carico del lavoratore n\u00e9 a carico dell\u2019impresa [&hellip;]<\/p>\n","protected":false},"author":5,"featured_media":9831,"comment_status":"closed","ping_status":"open","sticky":false,"template":"","format":"standard","meta":{"footnotes":""},"categories":[1],"tags":[34,32],"class_list":{"0":"post-9830","1":"post","2":"type-post","3":"status-publish","4":"format-standard","5":"has-post-thumbnail","7":"category-notizie","8":"tag-formazione","9":"tag-ial","10":"czr-hentry"},"_links":{"self":[{"href":"https:\/\/www.monzalecco.lombardia.cisl.it\/index.php?rest_route=\/wp\/v2\/posts\/9830","targetHints":{"allow":["GET"]}}],"collection":[{"href":"https:\/\/www.monzalecco.lombardia.cisl.it\/index.php?rest_route=\/wp\/v2\/posts"}],"about":[{"href":"https:\/\/www.monzalecco.lombardia.cisl.it\/index.php?rest_route=\/wp\/v2\/types\/post"}],"author":[{"embeddable":true,"href":"https:\/\/www.monzalecco.lombardia.cisl.it\/index.php?rest_route=\/wp\/v2\/users\/5"}],"replies":[{"embeddable":true,"href":"https:\/\/www.monzalecco.lombardia.cisl.it\/index.php?rest_route=%2Fwp%2Fv2%2Fcomments&post=9830"}],"version-history":[{"count":3,"href":"https:\/\/www.monzalecco.lombardia.cisl.it\/index.php?rest_route=\/wp\/v2\/posts\/9830\/revisions"}],"predecessor-version":[{"id":9840,"href":"https:\/\/www.monzalecco.lombardia.cisl.it\/index.php?rest_route=\/wp\/v2\/posts\/9830\/revisions\/9840"}],"wp:featuredmedia":[{"embeddable":true,"href":"https:\/\/www.monzalecco.lombardia.cisl.it\/index.php?rest_route=\/wp\/v2\/media\/9831"}],"wp:attachment":[{"href":"https:\/\/www.monzalecco.lombardia.cisl.it\/index.php?rest_route=%2Fwp%2Fv2%2Fmedia&parent=9830"}],"wp:term":[{"taxonomy":"category","embeddable":true,"href":"https:\/\/www.monzalecco.lombardia.cisl.it\/index.php?rest_route=%2Fwp%2Fv2%2Fcategories&post=9830"},{"taxonomy":"post_tag","embeddable":true,"href":"https:\/\/www.monzalecco.lombardia.cisl.it\/index.php?rest_route=%2Fwp%2Fv2%2Ftags&post=9830"}],"curies":[{"name":"wp","href":"https:\/\/api.w.org\/{rel}","templated":true}]}}