{"id":9968,"date":"2021-04-28T10:24:54","date_gmt":"2021-04-28T08:24:54","guid":{"rendered":"https:\/\/www.monzalecco.lombardia.cisl.it\/?p=9968"},"modified":"2021-04-28T10:25:42","modified_gmt":"2021-04-28T08:25:42","slug":"la-vismara-guarda-al-rilancio","status":"publish","type":"post","link":"https:\/\/www.monzalecco.lombardia.cisl.it\/?p=9968","title":{"rendered":"La Vismara guarda al rilancio"},"content":{"rendered":"<p>\u00abLa fine della procedura concorsuale alla Vismara di Casatenovo non \u00e8 un punto di arrivo, ma un punto di partenza che ci permette di consolidare la realt\u00e0 industriale e delineare le prospettive produttive e occupazionali\u00bb. Cos\u00ec Enzo Mesagna, membro della segreteria Cisl Mbl e Coordinatore del gruppo Ferrarini della Fai Cisl, commenta l&#8217;omologa della procedura da parte del Tribunale di Reggio Emilia a seguito del giudizio positivo espresso dalla maggioranza dei creditori.<\/p>\n<p>\u00abL&#8217;ottenimento dell&#8217;omologa \u00e8 sicuramente un&#8217;ottima notizia che permette di ragionare non solo in termini di continuit\u00e0 ma anche di ulteriore sviluppo dell&#8217;azienda dando seguito a quanto fatto nei mesi passati &#8211; continua Mesagna -. Infatti la chiusura della procedura concorsuale con l&#8217;accettazione da parte dei creditori delle condizioni previste dal piano determina il fatto che Vismara possa in qualche modo accelerare ulteriormente nell&#8217;opera di consolidamento ma anche di sviluppo produttivo e occupazionale\u00bb.<\/p>\n<p>Oggi Vismara, azienda fondata nel 1898 a Casatenovo e acquistata da Ferrarini nel 2000, \u00e8 una realt\u00e0 che d\u00e0 lavoro a 164 dipendenti. Nello stabilimento lecchese sono attive le linee della mortadella e del salame e si provvede all&#8217;affettatura dei salumi per conto del Gruppo Ferrarini. Il piano industriale presentato in continuit\u00e0 prevede la progressiva saturazione della capacit\u00e0 produttiva, gli ammodernamenti e gli investimenti tecnologici, il lancio di nuovi prodotti e il miglioramento dell&#8217;efficienza produttiva. Un piano che permette di mantenere intatti i livelli occupazionali.<\/p>\n<p>L&#8217;omologa del concordato Vismara \u00e8 per\u00f2 legata al concordato di Ferrarini,i cui tempi sono ancora incerti. La procedura \u00e8 infatti sta aspettando una decisione della Corte di Cassazione che definisca se la competenza \u00e8 del Tribunale di Reggio Emilia o di Bologna. \u00abL&#8217;auspicio \u2013 conclude Mesagna \u2013 \u00e8 che entro l&#8217;anno si arrivi alla definizione anche di questa situazione che \u00e8 veramente molto intricata e vede confrontarsi due cordate quella guidata da Pini\/Amco e quella di Bonterre\/Opas. L&#8217;obiettivo del sindacato \u00e8 il mantenimento dei livelli occupazionali e per questo ci batteremo\u00bb.<\/p>\n","protected":false},"excerpt":{"rendered":"<p>\u00abLa fine della procedura concorsuale alla Vismara di Casatenovo non \u00e8 un punto di arrivo, ma un punto di partenza che ci permette di consolidare la realt\u00e0 industriale e delineare le prospettive produttive e occupazionali\u00bb. Cos\u00ec Enzo Mesagna, membro della segreteria Cisl Mbl e Coordinatore del gruppo Ferrarini della Fai Cisl, commenta l&#8217;omologa della procedura [&hellip;]<\/p>\n","protected":false},"author":5,"featured_media":8995,"comment_status":"closed","ping_status":"open","sticky":false,"template":"","format":"standard","meta":{"footnotes":""},"categories":[1],"tags":[68,84],"class_list":{"0":"post-9968","1":"post","2":"type-post","3":"status-publish","4":"format-standard","5":"has-post-thumbnail","7":"category-notizie","8":"tag-fai","9":"tag-vismara","10":"czr-hentry"},"_links":{"self":[{"href":"https:\/\/www.monzalecco.lombardia.cisl.it\/index.php?rest_route=\/wp\/v2\/posts\/9968","targetHints":{"allow":["GET"]}}],"collection":[{"href":"https:\/\/www.monzalecco.lombardia.cisl.it\/index.php?rest_route=\/wp\/v2\/posts"}],"about":[{"href":"https:\/\/www.monzalecco.lombardia.cisl.it\/index.php?rest_route=\/wp\/v2\/types\/post"}],"author":[{"embeddable":true,"href":"https:\/\/www.monzalecco.lombardia.cisl.it\/index.php?rest_route=\/wp\/v2\/users\/5"}],"replies":[{"embeddable":true,"href":"https:\/\/www.monzalecco.lombardia.cisl.it\/index.php?rest_route=%2Fwp%2Fv2%2Fcomments&post=9968"}],"version-history":[{"count":1,"href":"https:\/\/www.monzalecco.lombardia.cisl.it\/index.php?rest_route=\/wp\/v2\/posts\/9968\/revisions"}],"predecessor-version":[{"id":9969,"href":"https:\/\/www.monzalecco.lombardia.cisl.it\/index.php?rest_route=\/wp\/v2\/posts\/9968\/revisions\/9969"}],"wp:featuredmedia":[{"embeddable":true,"href":"https:\/\/www.monzalecco.lombardia.cisl.it\/index.php?rest_route=\/wp\/v2\/media\/8995"}],"wp:attachment":[{"href":"https:\/\/www.monzalecco.lombardia.cisl.it\/index.php?rest_route=%2Fwp%2Fv2%2Fmedia&parent=9968"}],"wp:term":[{"taxonomy":"category","embeddable":true,"href":"https:\/\/www.monzalecco.lombardia.cisl.it\/index.php?rest_route=%2Fwp%2Fv2%2Fcategories&post=9968"},{"taxonomy":"post_tag","embeddable":true,"href":"https:\/\/www.monzalecco.lombardia.cisl.it\/index.php?rest_route=%2Fwp%2Fv2%2Ftags&post=9968"}],"curies":[{"name":"wp","href":"https:\/\/api.w.org\/{rel}","templated":true}]}}