{"id":9972,"date":"2021-04-30T17:30:09","date_gmt":"2021-04-30T15:30:09","guid":{"rendered":"https:\/\/www.monzalecco.lombardia.cisl.it\/?p=9972"},"modified":"2021-05-01T12:23:41","modified_gmt":"2021-05-01T10:23:41","slug":"1-maggio-e-covid-si-riparte-dai-diritti","status":"publish","type":"post","link":"https:\/\/www.monzalecco.lombardia.cisl.it\/?p=9972","title":{"rendered":"1\u00b0 Maggio e covid, si riparte dai diritti"},"content":{"rendered":"<div id='gallery-1' class='czr-gallery row flex-row czr-gallery-style gallery galleryid-9972 gallery-columns-3 gallery-size-thumbnail'><figure class='gallery-item col col-auto'>\r\n                        <div class='gallery-icon landscape czr-gallery-icon'>\r\n                              <a href=https:\/\/www.monzalecco.lombardia.cisl.it\/?attachment_id=9973 class=\"bg-link\"><\/a><img loading=\"lazy\" decoding=\"async\" width=\"150\" height=\"150\" src=\"https:\/\/www.monzalecco.lombardia.cisl.it\/wp-content\/uploads\/2021\/04\/2-150x150.jpg\" class=\"attachment-thumbnail size-thumbnail\" alt=\"\" sizes=\"auto, (min-width: 1200px) 255px, (min-width: 992px) 210px, (min-width: 576px) 150px, calc( 50vw - 30px )\" srcset=\"https:\/\/www.monzalecco.lombardia.cisl.it\/wp-content\/uploads\/2021\/04\/2-150x150.jpg 150w, https:\/\/www.monzalecco.lombardia.cisl.it\/wp-content\/uploads\/2021\/04\/2-510x510.jpg 510w\" \/><div class=\"post-action btn btn-skin-dark-shaded inverted\"><a href=\"https:\/\/www.monzalecco.lombardia.cisl.it\/wp-content\/uploads\/2021\/04\/2-scaled.jpg\" class=\"icn-expand\" data-lb-type=\"grouped-gallery\"><\/a><\/div>\r\n                        <\/div><\/figure><figure class='gallery-item col col-auto'>\r\n                        <div class='gallery-icon landscape czr-gallery-icon'>\r\n                              <a href=https:\/\/www.monzalecco.lombardia.cisl.it\/?attachment_id=9974 class=\"bg-link\"><\/a><img loading=\"lazy\" decoding=\"async\" width=\"150\" height=\"150\" src=\"https:\/\/www.monzalecco.lombardia.cisl.it\/wp-content\/uploads\/2021\/04\/3-150x150.jpg\" class=\"attachment-thumbnail size-thumbnail\" alt=\"\" sizes=\"auto, (min-width: 1200px) 255px, (min-width: 992px) 210px, (min-width: 576px) 150px, calc( 50vw - 30px )\" srcset=\"https:\/\/www.monzalecco.lombardia.cisl.it\/wp-content\/uploads\/2021\/04\/3-150x150.jpg 150w, https:\/\/www.monzalecco.lombardia.cisl.it\/wp-content\/uploads\/2021\/04\/3-510x510.jpg 510w\" \/><div class=\"post-action btn btn-skin-dark-shaded inverted\"><a href=\"https:\/\/www.monzalecco.lombardia.cisl.it\/wp-content\/uploads\/2021\/04\/3-scaled.jpg\" class=\"icn-expand\" data-lb-type=\"grouped-gallery\"><\/a><\/div>\r\n                        <\/div><\/figure><figure class='gallery-item col col-auto'>\r\n                        <div class='gallery-icon landscape czr-gallery-icon'>\r\n                              <a href=https:\/\/www.monzalecco.lombardia.cisl.it\/?attachment_id=9975 class=\"bg-link\"><\/a><img loading=\"lazy\" decoding=\"async\" width=\"150\" height=\"150\" src=\"https:\/\/www.monzalecco.lombardia.cisl.it\/wp-content\/uploads\/2021\/04\/4-150x150.jpg\" class=\"attachment-thumbnail size-thumbnail\" alt=\"\" sizes=\"auto, (min-width: 1200px) 255px, (min-width: 992px) 210px, (min-width: 576px) 150px, calc( 50vw - 30px )\" srcset=\"https:\/\/www.monzalecco.lombardia.cisl.it\/wp-content\/uploads\/2021\/04\/4-150x150.jpg 150w, https:\/\/www.monzalecco.lombardia.cisl.it\/wp-content\/uploads\/2021\/04\/4-510x510.jpg 510w\" \/><div class=\"post-action btn btn-skin-dark-shaded inverted\"><a href=\"https:\/\/www.monzalecco.lombardia.cisl.it\/wp-content\/uploads\/2021\/04\/4-scaled.jpg\" class=\"icn-expand\" data-lb-type=\"grouped-gallery\"><\/a><\/div>\r\n                        <\/div><\/figure><figure class='gallery-item col col-auto'>\r\n                        <div class='gallery-icon landscape czr-gallery-icon'>\r\n                              <a href=https:\/\/www.monzalecco.lombardia.cisl.it\/?attachment_id=9976 class=\"bg-link\"><\/a><img loading=\"lazy\" decoding=\"async\" width=\"150\" height=\"150\" src=\"https:\/\/www.monzalecco.lombardia.cisl.it\/wp-content\/uploads\/2021\/04\/6-150x150.jpg\" class=\"attachment-thumbnail size-thumbnail\" alt=\"\" sizes=\"auto, (min-width: 1200px) 255px, (min-width: 992px) 210px, (min-width: 576px) 150px, calc( 50vw - 30px )\" srcset=\"https:\/\/www.monzalecco.lombardia.cisl.it\/wp-content\/uploads\/2021\/04\/6-150x150.jpg 150w, https:\/\/www.monzalecco.lombardia.cisl.it\/wp-content\/uploads\/2021\/04\/6-510x510.jpg 510w\" \/><div class=\"post-action btn btn-skin-dark-shaded inverted\"><a href=\"https:\/\/www.monzalecco.lombardia.cisl.it\/wp-content\/uploads\/2021\/04\/6-scaled.jpg\" class=\"icn-expand\" data-lb-type=\"grouped-gallery\"><\/a><\/div>\r\n                        <\/div><\/figure>\r\n                  <\/div>\n\n<p><strong>A Monza e a Lecco si festegger\u00e0 il 1\u00b0 Maggio, Festa internazionale dei lavoratori, senza cortei n\u00e9 concerti, ma con un\u2019attenzione particolare ai caduti sul lavoro e per ribadire il valore della centralita\u0300 del lavoro, per ricostruire su basi nuove il nostro Paese e affrontare con equita\u0300 e solidarieta\u0300 le gravi conseguenze economiche e sociali della pandemia.\u00a0<\/strong><\/p>\n<p><strong>A Monza non ci saranno appuntamenti pubblici. A Lecco, alle 9,30 sar\u00e0 celebrata una messa nella Basilica di San Nicolo\u0300 e poi alle ore 11 sar\u00e0 deposta una corona di alloro al Monumento ai Caduti sul lavoro, largo Caleotto con interventi dei rappresentanti di Comune, Provincia, Cgil, Cisl, Uil e Anmil Lecco.<\/strong><\/p>\n<p><em>L&#8217;intervento di Mirco Scaccabarozzi, segretario generale Cisl Mbl, in largo Caleotto a Lecco<\/em><\/p>\n<p>Il pane e le rose.<\/p>\n<p>Lavoro dignit\u00e0 diritti.<\/p>\n<p>Per questo sin dal 1889 lavoratrici e lavoratori celebrano il 1\u00b0 maggio.<\/p>\n<p>Oggi ci\u00f2 significa per noi rimettere al centro la persona, un lavoro che garantisca innanzitutto la salute. Siamo altres\u00ec convinti che l\u2019Italia si cura con il lavoro. Nel giorno della Festa di lavoratrici e lavoratori Cgil, Cisl e Uil ribadiscono con forza che la ripartenza in sicurezza per il nostro Paese \u00e8 possibile. Ripartire nel segno dell&#8217;unit\u00e0, della responsabilit\u00e0 e della coesione sociale, riaffermando il valore della centralit\u00e0 del lavoro, per ricostruire su basi nuove il nostro Paese e affrontare con equit\u00e0 e solidariet\u00e0 le gravi conseguenze economiche e sociali della pandemia. Il 2021 continua ad essere colpito dall\u2019emergenza sanitaria, che gi\u00e0 lo scorso anno ha messo tutti a dura prova. Nondimeno la campagna vaccinale in corso, pur con tutte le difficolt\u00e0 dell\u2019iter in essere, si erge a simbolo della speranza che ci permetter\u00e0 di uscire dalla calamit\u00e0 pandemica. Vogliamo ripartire in totale sicurezza, consapevoli che il lavoro e il vaccino sono l\u2019unica terapia possibile capace di garantire un orizzonte di futuro migliore.<\/p>\n<p>Il nostro pensiero non pu\u00f2 mancare di volgersi oggi anche a quanti sono stati colpiti sul lavoro, perch\u00e9 ancora troppe sono le 3.204 denunce di infortuni del 2020, di cui 10 mortali, e le 58 denunce di malattia professionale, una contabilit\u00e0 che sta purtroppo proseguendo nell\u2019anno in corso. Questi numeri, uniti alle 1.209 denunce di infortuni per Covid-19 di cui 4 mortali intervenute dall\u2019inizio della pandemia, hanno segnato in profondit\u00e0 il mondo del lavoro, ma non si tratta per noi di uno sterile computo aritmetico bens\u00ec di nomi e volti concreti cui va tutta la nostra solidariet\u00e0.<\/p>\n<p>Un ringraziamento particolare va poi a lavoratrici e lavoratori da tempo impegnati allo spasimo in tutti i luoghi di cura, per tutelare la salute e la sicurezza della cittadinanza.<\/p>\n<p>Celebrare il 1\u00b0 maggio, oltre le forme esteriori insolite di oggi dettate dall\u2019emergenza sanitaria, per Cgil, Cisl e Uil \u00e8 l\u2019assunzione di impegni e obiettivi precisi:<\/p>\n<ul>\n<li>aprire un tavolo di confronto strutturato e permanente con il Governo sui contenuti del Piano Nazionale di Ripresa e Resilienza per verificarne gli impatti economico-occupazionali ed operare nel segno della corresponsabilit\u00e0 sulle fasi realizzative dei progetti e delle riforme necessarie e attese da lungo tempo. Serve una governance che assegni anche alle rappresentanze sociali un ruolo attivo nelle fasi di attuazione degli interventi, nel monitoraggio sul rispetto dei tempi, sulla buona qualit\u00e0 della spesa, nonch\u00e9 per accelerare i cantieri e le decisioni in ogni territorio;<br \/>\naumentare nelle aziende le risorse destinate alla formazione sulla sicurezza; zero infortuni mortali sul lavoro: questo \u00e8 il nostro obiettivo. Se serve spendere per ottenere questo risultato, si spenda! Questa \u00e8 la vera sicurezza! La sicurezza che serve per fare pi\u00f9 civile il nostro Paese;<\/li>\n<li>ammortizzatori sociali pi\u00f9 estesi per i tanti invisibili che ancora non hanno tutele;<\/li>\n<li>battersi perch\u00e9 il lavoro non sia pi\u00f9 per le donne un\u2019alternativa ad altre priorit\u00e0 ma la priorit\u00e0 che realizza pienamente.<\/li>\n<li>Dalla crisi occorre \u201csortirne insieme\u201d, per usare le parole di don Milani, dare risposte collettive, politiche, per costruire una societ\u00e0 pi\u00f9 inclusiva e senza barriere, libera dal malaffare e dalle mafie, capace di accogliere gli ultimi.<\/li>\n<\/ul>\n<p>Per questo ancora una volta, ha senso per noi celebrare, uniti, la festa del 1\u00b0 maggio.<\/p>\n<p>\u00c8 la festa che celebra uno dei sacri diritti dell\u2019uomo in tutto il mondo: il diritto al lavoro.<\/p>\n<p>Per Cgil. Cisl e Uil, il 1\u00b0 maggio fa tutt\u2019uno con il 25 aprile, la Festa della Liberazione dal nazifascismo, e con il 2 giugno, la festa della Repubblica democratica. Lavoro, libert\u00e0, democrazia.<\/p>\n<p>E\u2019 questo il nostro ponte, un ponte che collega le generazioni del lavoro, della libert\u00e0 e della democrazia. Impediremo a chiunque di alzare muri per separare queste tre giornate, il loro significato, i valori che rappresentato.<\/p>\n<p>Impediremo a chiunque di chiudere i porti davanti alle nostre speranze.<\/p>\n<p>E le nostre speranze stanno nella \u00abnostra Europa\u00bb, un&#8217;Europa migliore e pi\u00f9 sociale, che ponga al centro delle proprie politiche il lavoro, i diritti, il welfare.<\/p>\n<p><a href=\"https:\/\/youtu.be\/MsgNRqhXyk0\">Video Monza<\/a><\/p>\n<p><a href=\"https:\/\/youtu.be\/BeP_k6SdBCk\">Video Lecco<\/a><\/p>\n<p>&nbsp;<\/p>\n","protected":false},"excerpt":{"rendered":"<p>A Monza e a Lecco si festegger\u00e0 il 1\u00b0 Maggio, Festa internazionale dei lavoratori, senza cortei n\u00e9 concerti, ma con un\u2019attenzione particolare ai caduti sul lavoro e per ribadire il valore della centralita\u0300 del lavoro, per ricostruire su basi nuove il nostro Paese e affrontare con equita\u0300 e solidarieta\u0300 le gravi conseguenze economiche e sociali [&hellip;]<\/p>\n","protected":false},"author":5,"featured_media":9976,"comment_status":"closed","ping_status":"open","sticky":false,"template":"","format":"standard","meta":{"footnotes":""},"categories":[1],"tags":[347,149,31,552,150],"class_list":{"0":"post-9972","1":"post","2":"type-post","3":"status-publish","4":"format-standard","5":"has-post-thumbnail","7":"category-notizie","8":"tag-1-maggio","9":"tag-cgil","10":"tag-cisl","11":"tag-festa-dei-lavoratori","12":"tag-uil","13":"czr-hentry"},"_links":{"self":[{"href":"https:\/\/www.monzalecco.lombardia.cisl.it\/index.php?rest_route=\/wp\/v2\/posts\/9972","targetHints":{"allow":["GET"]}}],"collection":[{"href":"https:\/\/www.monzalecco.lombardia.cisl.it\/index.php?rest_route=\/wp\/v2\/posts"}],"about":[{"href":"https:\/\/www.monzalecco.lombardia.cisl.it\/index.php?rest_route=\/wp\/v2\/types\/post"}],"author":[{"embeddable":true,"href":"https:\/\/www.monzalecco.lombardia.cisl.it\/index.php?rest_route=\/wp\/v2\/users\/5"}],"replies":[{"embeddable":true,"href":"https:\/\/www.monzalecco.lombardia.cisl.it\/index.php?rest_route=%2Fwp%2Fv2%2Fcomments&post=9972"}],"version-history":[{"count":4,"href":"https:\/\/www.monzalecco.lombardia.cisl.it\/index.php?rest_route=\/wp\/v2\/posts\/9972\/revisions"}],"predecessor-version":[{"id":9988,"href":"https:\/\/www.monzalecco.lombardia.cisl.it\/index.php?rest_route=\/wp\/v2\/posts\/9972\/revisions\/9988"}],"wp:featuredmedia":[{"embeddable":true,"href":"https:\/\/www.monzalecco.lombardia.cisl.it\/index.php?rest_route=\/wp\/v2\/media\/9976"}],"wp:attachment":[{"href":"https:\/\/www.monzalecco.lombardia.cisl.it\/index.php?rest_route=%2Fwp%2Fv2%2Fmedia&parent=9972"}],"wp:term":[{"taxonomy":"category","embeddable":true,"href":"https:\/\/www.monzalecco.lombardia.cisl.it\/index.php?rest_route=%2Fwp%2Fv2%2Fcategories&post=9972"},{"taxonomy":"post_tag","embeddable":true,"href":"https:\/\/www.monzalecco.lombardia.cisl.it\/index.php?rest_route=%2Fwp%2Fv2%2Ftags&post=9972"}],"curies":[{"name":"wp","href":"https:\/\/api.w.org\/{rel}","templated":true}]}}